{"id":2801,"date":"2016-05-27T13:23:51","date_gmt":"2016-05-27T13:23:51","guid":{"rendered":""},"modified":"2026-03-11T09:12:03","modified_gmt":"2026-03-11T14:12:03","slug":"iglesia-peruana-celebra-fiesta-del-corpus-christi","status":"publish","type":"post","link":"https:\/\/ceas.org.pe\/index.php\/2016\/05\/27\/iglesia-peruana-celebra-fiesta-del-corpus-christi\/","title":{"rendered":"Iglesia peruana celebra Fiesta del Corpus Christi"},"content":{"rendered":"<p>En las di\u00f3cesis del Per\u00fa se vive la Fiesta del Cuerpo y la Sangre de Cristo, Corpus Christi, que re\u00fane a miles de fieles en torno a Cristo Eucarist\u00eda. As\u00ed, en algunas ciudades como Trujillo, Cusco, Arequipa y Huancayo, se celebr\u00f3 esta fiesta el d\u00eda jueves 26 de mayo, con multitudinarias procesiones y muestras de fe de los fieles.<\/p>\n<p>\u00a0En la Arquidi\u00f3cesis de Trujillo, m\u00e1s de 70 mil fieles colmaron la Plaza de Armas de Trujillo dando un fiel testimonio de fe y devoci\u00f3n al Se\u00f1or presente en la Hostia Consagrada, durante la celebraci\u00f3n del Corpus Christi Arquidiocesano. La solemne ceremonia fue presidida por el Arzobispo de Trujillo, Monse\u00f1or Miguel Cabrejos Vidarte OFM., y concelebrada por obispos invitados y sacerdotes de la localidad y de otras jurisdicciones eclesi\u00e1sticas. \u00a0 Luego de la Santa Misa, el Corpus Christi hizo su impresionante salida de la Bas\u00edlica Catedral entre repique de campanas junto a un vistoso festival de globos con helio y lluvia de papel picado. Minutos despu\u00e9s, unidos como una sola comunidad, las autoridades de la regi\u00f3n, la ciudad y fieles de las 75 parroquias arquidiocesanas, guiados por el Arzobispo, emprendieron el tradicional recorrido procesional del Sant\u00edsimo Sacramento, que en este a\u00f1o luci\u00f3 su nueva y exclusiva anda con el acompa\u00f1amiento de 28 \u00e1ngeles tallados en distintos tama\u00f1os y momentos. \u00a0\u00a0<\/p>\n<div>\u00a0<\/div>\n<div>Por su parte, en Cusco, como todos los a\u00f1os, la Plaza de Armas fue escenario de la Solemnidad del Corpus Christi, d\u00f3nde se acondicion\u00f3 un Altar Mayor en el Atrio de la Catedral, con todas las santas im\u00e1genes de los santos y v\u00edrgenes que participan de esta celebraci\u00f3n. La Solemne Eucarist\u00eda fue presidida por Monse\u00f1or Richard Daniel Alarc\u00f3n Urrutia, Arzobispo del Cusco. \u00a0 En esta Santa Misa, participaron tambi\u00e9n, los religiosos y religiosas de nuestra Arquidi\u00f3cesis, autoridades civiles, militares y policiales, as\u00ed como instituciones educativas y feligres\u00eda en general. Finalizada la Santa Misa, se dio paso a la procesi\u00f3n del Sant\u00edsimo Sacramento, por el per\u00edmetro de la Plaza de Armas, acompa\u00f1ado por las diversas autoridades, religiosos, religiosas, escoltas de las diferentes instituciones educativas de la ciudad y feligres\u00eda en general. Terminada la procesi\u00f3n, el Arzobispo del Cusco, elevando con sus manos el Sant\u00edsimo Sacramento, imparti\u00f3 la bendici\u00f3n a la poblaci\u00f3n cusque\u00f1a, que con profunda fe, particip\u00f3 de esta celebraci\u00f3n. \u00a0\u00a0<\/div>\n<div>\u00a0<\/div>\n<div>A su vez, en Arequipa, miles de fieles participaron en la celebraci\u00f3n de la Solemnidad del Corpus Christi, que presidi\u00f3 Monse\u00f1or Javier Del R\u00edo Alba, Arzobispo de Arequipa, en el atrio de la Bas\u00edlica Catedral. Previo a la ceremonia, los sacerdotes concelebrantes, se dirigieron al frontis de la Bas\u00edlica Catedral, donde estuvo instalado el estrado del altar para la celebraci\u00f3n de la Eucarist\u00eda. \u00a0 \u00a0Desde horas de la ma\u00f1ana, los grupos de escolares, universitarios y miembros de movimientos y parroquias, confeccionaron las alfombras ornamentales que engalanaron el paso del Carro Eucar\u00edstico en la Solemnidad del Corpus Christi. \u00a0\u00a0<\/div>\n<div>\u00a0<\/div>\n<div>En tanto, en la Arquidi\u00f3cesis de Huancayo, se celebr\u00f3 con gran fervor la Solemnidad del Corpus Christi con misas y procesiones en varias parroquias de la Arquidi\u00f3cesis. As\u00ed, el jueves 26 de mayo, se celebr\u00f3 la Solemnidad de Corpus Christi, en la Parroquia Santa Fe, de Jauja, que fue presidida por Monse\u00f1or Pedro Barreto Jimeno SJ., Arzobispo de Huancayo. Luego de la Eucarist\u00eda, se realiz\u00f3 la tradicional procesi\u00f3n del Cuerpo y la Sangre de Cristo por las calles de esa localidad. \u00a0 \u00a0Posteriormente, a las 5:00 p.m., se celebr\u00f3 la Santa Misa del Corpus Christi en la Parroquia \u201cEl Sagrario\u201d &#8211; Catedral de Huancayo. Luego de la Eucarist\u00eda, se realiz\u00f3 la procesi\u00f3n de Jes\u00fas Eucarist\u00eda por las principales calles de la ciudad, para colmar de bendiciones y gracias a los fieles. \u00a0<\/div>\n<div>\u00a0<\/div>\n<div>Asimismo, en otras jurisdicciones eclesi\u00e1sticas, como Piura, Lima, Chiclayo y Callao, la celebraci\u00f3n del Corpus Christi se oficiar\u00e1 este domingo 29 de mayo. \u00a0 En Piura, como es tradicional desde hace 9 a\u00f1os, la Arquidi\u00f3cesis vive intensamente una Semana Eucar\u00edstica, como preparaci\u00f3n para la gran fiesta del Corpus Christi. La din\u00e1mica de esta Semana Eucar\u00edstica se desarrolla a partir de catequesis, celebraciones eucar\u00edsticas particulares, adoraci\u00f3n y exposici\u00f3n del Sant\u00edsimo Sacramento, as\u00ed como con el sacramento de la confesi\u00f3n y comuni\u00f3n a los enfermos. \u00a0 La Semana Eucar\u00edstica culminar\u00e1 con la celebraci\u00f3n del Corpus Christi este domingo 29 de mayo. La Solemne Misa ser\u00e1 presidida por Monse\u00f1or Jos\u00e9 Antonio Eguren Anselmi, Arzobispo de Piura, en el atrio de la Bas\u00edlica Catedral, a las 5:00 p.m., luego de la cual se realizar\u00e1 la tradicional Procesi\u00f3n Eucar\u00edstica por las calles de nuestra ciudad para que \u201cJuntos recemos por el Per\u00fa\u201d. \u00a0\u00a0<\/div>\n<div>\u00a0<\/div>\n<div>En Lima, este domingo 29 de mayo, a partir de las 9:30 de la ma\u00f1ana se celebrar\u00e1 en la Plaza Mayor de Lima la Solemne Misa con motivo de la Solemnidad del Corpus Christi, una de las fiestas m\u00e1s importantes de la Iglesia Cat\u00f3lica, la cual ser\u00e1 presidida por el Arzobispo de Lima y Primado del Per\u00fa, Cardenal Juan Luis Cipriani Thorne. \u00a0 Luego de la Eucarist\u00eda, se llevar\u00e1 a cabo la tradicional procesi\u00f3n del Sant\u00edsimo Sacramento alrededor de la Plaza Mayor, donde, de manera especial, se pedir\u00e1 por la paz y el futuro de nuestro pa\u00eds. Asimismo, los fieles pondr\u00e1n de manifiesto su fe y amor a Cristo Eucarist\u00eda. Como es tradicional, se espera contar con la participaci\u00f3n de miles de personas entre fieles, miembros de hermandades, cofrad\u00edas, colegios, movimientos eclesiales, institutos religiosos, entre otros. \u00a0\u00a0<\/div>\n<div>\u00a0<\/div>\n<div>Por su parte, la Iglesia en Chiclayo, se prepara para celebrar\u00e1 este domingo 29 de mayo, la Solemnidad de Corpus Christi, palabras latinas que significan \u201cEl Cuerpo de Cristo\u201d, nombre con el que se conoce a la Celebraci\u00f3n de la Solemnidad del Sant\u00edsimo Cuerpo y Sangre de Nuestro Se\u00f1or Jesucristo. \u00a0 \u00a0La celebraci\u00f3n se realizar\u00e1 en el Estadio \u201cEl\u00edas Aguirre\u201d, a las 9:00 de la ma\u00f1ana, empezando con la Santa Misa, que ser\u00e1 presidida por el Obispo de Chiclayo, Monse\u00f1or Robert Prevost, OSA., y concelebrada por los sacerdotes de las Parroquias de la ciudad de Chiclayo. Luego de la Eucarist\u00eda, se dar\u00e1 inicio a la procesi\u00f3n del Sant\u00edsimo Sacramento por un tramo de siete cuadras hasta el Ovalo Qui\u00f1ones, en donde se impartir\u00e1 la bendici\u00f3n final. \u00a0\u00a0<\/div>\n<div>\u00a0<\/div>\n<div>En tanto, la Di\u00f3cesis del Callao se prepara, para celebrar la Solemnidad del Corpus Christi, que para esta ocasi\u00f3n, se realizar\u00e1 con dos celebraciones: el s\u00e1bado 28 de mayo, a las 4:00 p.m., en la Parroquia San Pedro Nolasco de Ventanilla; y el domingo 29 de mayo, a las 10:00 a.m., en la Parroquia Cristo Liberador, del Primer Puerto. \u00a0 El Obispado del Callao extiende la invitaci\u00f3n a todos los fieles de la comuna chalaca a participar de esta importante festividad para la Iglesia Cat\u00f3lica, que representa los fundamentos de la fe cat\u00f3lica, acentu\u00e1ndolos con la presencia real de Cristo en la Eucarist\u00eda. \u00a0 \u00a0<\/div>\n<div>\u00a0<\/div>\n<div>Fuente. www.facebook.com\/notes\/conferencia-episcopal-peruana<\/div>\n<div>\u00a0<\/div>\n<p><a href=\"http:\/\/web.hilo.org.pe\/wp-content\/uploads\/corpus cristi.jpg\" target=\"_blank\" rel=\"noopener\">Ver archivo adjunto<\/a><\/p>\n","protected":false},"excerpt":{"rendered":"<p>En las di?cesis del Per? se vive la Fiesta del Cuerpo y la Sangre de Cristo, Corpus Christi, que re?ne a miles de fieles en torno a Cristo Eucarist?a. As?, en algunas ciudades como Trujillo, Cusco, Arequipa y Huancayo, se celebr? esta fiesta el d?a jueves 26 de mayo, con multitudinarias procesiones y muestras de fe de los fieles.<\/p>\n","protected":false},"author":1,"featured_media":0,"comment_status":"closed","ping_status":"closed","sticky":false,"template":"","format":"standard","meta":{"footnotes":""},"categories":[9],"tags":[],"class_list":["post-2801","post","type-post","status-publish","format-standard","hentry","category-noticias"],"_links":{"self":[{"href":"https:\/\/ceas.org.pe\/index.php\/wp-json\/wp\/v2\/posts\/2801","targetHints":{"allow":["GET"]}}],"collection":[{"href":"https:\/\/ceas.org.pe\/index.php\/wp-json\/wp\/v2\/posts"}],"about":[{"href":"https:\/\/ceas.org.pe\/index.php\/wp-json\/wp\/v2\/types\/post"}],"author":[{"embeddable":true,"href":"https:\/\/ceas.org.pe\/index.php\/wp-json\/wp\/v2\/users\/1"}],"replies":[{"embeddable":true,"href":"https:\/\/ceas.org.pe\/index.php\/wp-json\/wp\/v2\/comments?post=2801"}],"version-history":[{"count":1,"href":"https:\/\/ceas.org.pe\/index.php\/wp-json\/wp\/v2\/posts\/2801\/revisions"}],"predecessor-version":[{"id":6417,"href":"https:\/\/ceas.org.pe\/index.php\/wp-json\/wp\/v2\/posts\/2801\/revisions\/6417"}],"wp:attachment":[{"href":"https:\/\/ceas.org.pe\/index.php\/wp-json\/wp\/v2\/media?parent=2801"}],"wp:term":[{"taxonomy":"category","embeddable":true,"href":"https:\/\/ceas.org.pe\/index.php\/wp-json\/wp\/v2\/categories?post=2801"},{"taxonomy":"post_tag","embeddable":true,"href":"https:\/\/ceas.org.pe\/index.php\/wp-json\/wp\/v2\/tags?post=2801"}],"curies":[{"name":"wp","href":"https:\/\/api.w.org\/{rel}","templated":true}]}}