{"id":2799,"date":"2016-05-25T11:49:35","date_gmt":"2016-05-25T11:49:35","guid":{"rendered":""},"modified":"2026-03-11T09:12:03","modified_gmt":"2026-03-11T14:12:03","slug":"santo-padre-expreso-su-preocupacion-por-conflictos-en-paoses-de-amorica-latina","status":"publish","type":"post","link":"https:\/\/ceas.org.pe\/index.php\/2016\/05\/25\/santo-padre-expreso-su-preocupacion-por-conflictos-en-paoses-de-amorica-latina\/","title":{"rendered":"Santo Padre expres\u00f3 su preocupaci\u00f3n por conflictos en pa\u00f3ses de Am\u00f3rica Latina"},"content":{"rendered":"<p>En su reciente encuentro con los miembros de la presidencia del Consejo Episcopal Latinoamericano (CELAM), que tuvo lugar el jueves 19 de mayo, en la biblioteca privada del Palacio Apost\u00f3lico, el papa Francisco manifest\u00f3 su preocupaci\u00f3n por los \u00abconflictos\u00bb sociales, econ\u00f3micos y pol\u00edticos en la Argentina, Venezuela, Brasil y Bolivia. Seg\u00fan se da a conocer en una nota de prensa del CELAM, el Pont\u00edfice ha recomendado a los obispos latinoamericanos a aplicar la exhortaci\u00f3n apost\u00f3lica \u00abEvangelii gaudium\u00bb en los pa\u00edses de Am\u00e9rica Latina, en particular a lo que hace referencia a los laicos.<\/p>\n<p>As\u00ed tambi\u00e9n ha expresado su preocupaci\u00f3n por \u00ablos problemas sociales que se est\u00e1n viviendo en Am\u00e9rica en general, entre ellos, las elecciones en Estados Unidos por la falta de una atenci\u00f3n m\u00e1s viva a la situaci\u00f3n social de los m\u00e1s pobres y excluidos\u00bb.<\/p>\n<div>El CELAM se\u00f1ala tambi\u00e9n que el Papa ha advertido sobre \u00ablas carencias del pueblo haitiano y la falta de di\u00e1logo de las autoridades de los pa\u00edses que comparten la isla, Hait\u00ed y Rep\u00fablica Dominicana, a fin de encontrar una soluci\u00f3n legal a los migrantes y desplazados\u00bb. Adem\u00e1s, inform\u00f3 que el Pont\u00edfice cuestion\u00f3 \u00abla manera de entender lo que es un Estado laico y el papel de la libertad religiosa por parte de algunas autoridades en M\u00e9xico\u00bb.<\/div>\n<div>\u00a0<\/div>\n<div>Seg\u00fan el Celam, el Papa ha expresado que \u00abDesde hace 50 a\u00f1os o m\u00e1s se viene diciendo que \u00e9sta es la hora de los laicos, pero parece que se ha parado el reloj\u00bb. El l\u00edder religioso recomend\u00f3 a los obispos la lectura y aplicaci\u00f3n de la carta que \u00e9l dirigi\u00f3 al presidente de la Pontificia Comisi\u00f3n para Am\u00e9rica Latina, cardenal Marc Ouellet con motivo de la reciente asamblea que este dicasterio organiz\u00f3 sobre \u00abel indispensable compromiso de los laicos en la vida p\u00fablica de los pa\u00edses latinoamericanos\u00bb.<\/div>\n<div>\u00a0<\/div>\n<div>El Papa anim\u00f3 a los obispos de la regi\u00f3n a unirse a la celebraci\u00f3n del congreso que el CELAM y la Pontificia Comisi\u00f3n para Am\u00e9rica Latina realizar\u00e1n en agosto pr\u00f3ximo, con el lema \u00abQue un viento impetuoso de santidad recorra el pr\u00f3ximo Jubileo extraordinario de la misericordia en todas las Am\u00e9rica\u00bb.<\/div>\n<div>\u00a0<\/div>\n<div>Participaron del encuentro con el Papa el presidente del Celam, cardenal Rub\u00e9n Salazar G\u00f3mez, arzobispo de Bogot\u00e1 (Colombia); el presidente del Consejo de Asuntos Econ\u00f3micos, cardenal Jos\u00e9 Luis Lacunza Maestroju\u00e1n, obispo de David (Panam\u00e1); y los vicepresidentes, monse\u00f1or Carlos Collazzi, obispo de Mercedes (Uruguay) y Dom Jos\u00e9 Belis\u00e1rio da Silva, arzobispo de S\u00e0o Luis do Maranh\u00e3o (Brasil).<\/div>\n<div>\u00a0<\/div>\n<div>Tambi\u00e9n estucieron en la audiencia el secretario general del Celam, monse\u00f1or Juan Espinoza Jim\u00e9nez, obispo auxiliar de Morelia (M\u00e9xico); y el secretario adjunto, padre Leonidas Ortiz, de la di\u00f3cesis de Garz\u00f3n (Colombia).<\/div>\n<div>\u00a0<\/div>\n<div>Fuente: Caminos Religiosos<\/div>\n<p><a href=\"http:\/\/web.hilo.org.pe\/wp-content\/uploads\/20160525_Santopadre.jpg\" target=\"_blank\" rel=\"noopener\">Ver archivo adjunto<\/a><\/p>\n","protected":false},"excerpt":{"rendered":"<p>\u00a0En su reciente encuentro con los miembros de la presidencia del Consejo Episcopal Latinoamericano (CELAM), que tuvo lugar el jueves 19 de mayo, en la biblioteca privada del Palacio Apost\u00f3lico, el papa Francisco manifest\u00f3 su preocupaci\u00f3n por los \u00abconflictos\u00bb sociales, econ\u00f3micos y pol\u00edticos en la Argentina, Venezuela, Brasil y Bolivia.\u00a0<\/p>\n","protected":false},"author":1,"featured_media":0,"comment_status":"closed","ping_status":"closed","sticky":false,"template":"","format":"standard","meta":{"footnotes":""},"categories":[9],"tags":[],"class_list":["post-2799","post","type-post","status-publish","format-standard","hentry","category-noticias"],"_links":{"self":[{"href":"https:\/\/ceas.org.pe\/index.php\/wp-json\/wp\/v2\/posts\/2799","targetHints":{"allow":["GET"]}}],"collection":[{"href":"https:\/\/ceas.org.pe\/index.php\/wp-json\/wp\/v2\/posts"}],"about":[{"href":"https:\/\/ceas.org.pe\/index.php\/wp-json\/wp\/v2\/types\/post"}],"author":[{"embeddable":true,"href":"https:\/\/ceas.org.pe\/index.php\/wp-json\/wp\/v2\/users\/1"}],"replies":[{"embeddable":true,"href":"https:\/\/ceas.org.pe\/index.php\/wp-json\/wp\/v2\/comments?post=2799"}],"version-history":[{"count":1,"href":"https:\/\/ceas.org.pe\/index.php\/wp-json\/wp\/v2\/posts\/2799\/revisions"}],"predecessor-version":[{"id":6419,"href":"https:\/\/ceas.org.pe\/index.php\/wp-json\/wp\/v2\/posts\/2799\/revisions\/6419"}],"wp:attachment":[{"href":"https:\/\/ceas.org.pe\/index.php\/wp-json\/wp\/v2\/media?parent=2799"}],"wp:term":[{"taxonomy":"category","embeddable":true,"href":"https:\/\/ceas.org.pe\/index.php\/wp-json\/wp\/v2\/categories?post=2799"},{"taxonomy":"post_tag","embeddable":true,"href":"https:\/\/ceas.org.pe\/index.php\/wp-json\/wp\/v2\/tags?post=2799"}],"curies":[{"name":"wp","href":"https:\/\/api.w.org\/{rel}","templated":true}]}}