{"id":2798,"date":"2016-05-25T11:43:38","date_gmt":"2016-05-25T11:43:38","guid":{"rendered":""},"modified":"2026-03-11T09:12:03","modified_gmt":"2026-03-11T14:12:03","slug":"consejo-interreligioso-de-pero-emite-comunicado-ante-segunda-vuelta-electoral","status":"publish","type":"post","link":"https:\/\/ceas.org.pe\/index.php\/2016\/05\/25\/consejo-interreligioso-de-pero-emite-comunicado-ante-segunda-vuelta-electoral\/","title":{"rendered":"Consejo Interreligioso de Per\u00f3 emite comunicado ante segunda vuelta electoral"},"content":{"rendered":"<p><span style=\"color: rgb(68, 68, 68); font-family: Arial, FreeSans, Helvetica, sans-serif; font-size: 13px; line-height: 22px; background-color: rgb(249, 247, 245);\">El Consejo Interreligioso del Per\u00fa &#8211; Religiones por la Paz, que re\u00fane a representantes de varias confesiones religiosas, hizo un llamado a los ciudadanos a que \u00abeval\u00faen con criterios \u00e9ticos la decisi\u00f3n que adoptar\u00e1n en la elecci\u00f3n presidencial del 5 de junio de 2016, dentro del marco de una cultura democr\u00e1tica que debe enfatizar el valor de la fraternidad\u00bb.\u00a0 En un<\/span><span style=\"color: rgb(68, 68, 68); font-family: Arial, FreeSans, Helvetica, sans-serif; font-size: 13px; line-height: 22px; background-color: rgb(249, 247, 245);\">\u00a0<\/span><a href=\"http:\/\/radioevangelizacion.org\/sites\/default\/files\/el-consejo-interreligioso-del-peru-por-el-bienestar-de-todos-los-peruanos-y-peruanas.pdf\" target=\"_blank\" style=\"font-family: Arial, FreeSans, Helvetica, sans-serif; font-size: 13px; line-height: 22px; margin: 0px; padding: 0px; border: 0px; vertical-align: baseline; color: rgb(66, 101, 167); text-decoration: none; background: transparent;\">comunicado p\u00fablico<\/a><span style=\"color: rgb(68, 68, 68); font-family: Arial, FreeSans, Helvetica, sans-serif; font-size: 13px; line-height: 22px; background-color: rgb(249, 247, 245);\">\u00a0<\/span><span style=\"color: rgb(68, 68, 68); font-family: Arial, FreeSans, Helvetica, sans-serif; font-size: 13px; line-height: 22px; background-color: rgb(249, 247, 245);\">se pide tambi\u00e9n que en los d\u00edas que restan de la actual campa\u00f1a electoral los dos candidatos finalistas a la presidencia de la Rep\u00fablica mantengan \u00abel respeto y la tolerancia, como valores de la convivencia pac\u00edfica y democr\u00e1tica\u00bb, \u00abpara que no se ahonde la desuni\u00f3n entre todos los peruanos y peruanas, y para que se visibilice que la pol\u00edtica es el punto m\u00e1s alto de la caridad, en raz\u00f3n de que su fin \u00faltimo es el bien com\u00fan\u00bb.<\/span><\/p>\n<p style=\"margin: 16px 0px 0px; padding: 0px; border: 0px; vertical-align: baseline; line-height: 22px; color: rgb(68, 68, 68); font-family: Arial, FreeSans, Helvetica, sans-serif; font-size: 13px; background: rgb(249, 247, 245);\">Aqu\u00ed el comunicado \u00edntegro<br \/>\n<span style=\"margin: 0px; padding: 0px; font-weight: 700; border: 0px; vertical-align: baseline; background: transparent;\">El Consejo Interreligioso del Per\u00fa por el bienestar de todos los peruanos y peruanas<\/span><br \/>\nEl Consejo Interreligioso del Per\u00fa &#8211; Religiones por la Paz ( i ) invoca a los peruanos y peruanas a que eval\u00faen con criterios \u00e9ticos la decisi\u00f3n que adoptar\u00e1n en la elecci\u00f3n presidencial del 5 de junio de 2016, dentro del marco de una cultura democr\u00e1tica que debe enfatizar el valor de la fraternidad.<\/p>\n<p style=\"margin: 16px 0px 0px; padding: 0px; border: 0px; vertical-align: baseline; line-height: 22px; color: rgb(68, 68, 68); font-family: Arial, FreeSans, Helvetica, sans-serif; font-size: 13px; background: rgb(249, 247, 245);\">En concordancia con la defensa de los derechos inalienables que son inherentes a toda persona humana, el Consejo Interreligioso del Per\u00fa respalda el Acuerdo de Gobernabilidad para el Desarrollo Integral del Per\u00fa 2016-2021, promovido por la Mesa de Concertaci\u00f3n para la Lucha Contra la Pobreza (MCLCP) y suscripto por todos los candidatos y candidatas a la Presidencia de la Rep\u00fablica en el marco del actual proceso electoral, como una visi\u00f3n de pol\u00edticas p\u00fablicas al servicio de las poblaciones m\u00e1s vulnerables, marginadas y necesitadas en nuestro pa\u00eds.<\/p>\n<p style=\"margin: 16px 0px 0px; padding: 0px; border: 0px; vertical-align: baseline; line-height: 22px; color: rgb(68, 68, 68); font-family: Arial, FreeSans, Helvetica, sans-serif; font-size: 13px; background: rgb(249, 247, 245);\">Propugnamos que en el pr\u00f3ximo Gobierno se alcance el pleno y cabal ejercicio de los derechos de las ni\u00f1as, ni\u00f1os, adolescentes, j\u00f3venes, mujeres, personas adultas mayores y personas con discapacidad, reduciendo las desigualdades en el acceso a la salud y la educaci\u00f3n, priorizando las zonas rurales y poblaciones ind\u00edgenas, protegiendo la vida y fortaleciendo la familia.<\/p>\n<p style=\"margin: 16px 0px 0px; padding: 0px; border: 0px; vertical-align: baseline; line-height: 22px; color: rgb(68, 68, 68); font-family: Arial, FreeSans, Helvetica, sans-serif; font-size: 13px; background: rgb(249, 247, 245);\">Pedimos que en el pr\u00f3ximo Gobierno se promueva un crecimiento econ\u00f3mico sostenido, sostenible, inclusivo, y diversificado en el pa\u00eds, se mejore los niveles de empleo e ingresos de la poblaci\u00f3n, se reduzca la informalidad, y se logre la reducci\u00f3n de la pobreza monetaria, de la pobreza seg\u00fan necesidades b\u00e1sicas insatisfechas (NBI) y de otras formas de pobreza que afectan a la poblaci\u00f3n. La felicidad de todos\u00a0 los peruanos y peruanas no est\u00e1 solo en el aumento del producto bruto interno (PBI), sino en la construcci\u00f3n de una sociedad que complementa el desarrollo tanto material como espiritual.<\/p>\n<p style=\"margin: 16px 0px 0px; padding: 0px; border: 0px; vertical-align: baseline; line-height: 22px; color: rgb(68, 68, 68); font-family: Arial, FreeSans, Helvetica, sans-serif; font-size: 13px; background: rgb(249, 247, 245);\">Aspiramos a que en el pr\u00f3ximo Gobierno se garantice una forma de Estado y de Gobierno democr\u00e1tico, se reafirme la independencia del Poder Judicial, el Ministerio Publico y la Defensor\u00eda del Pueblo, se refuerce la protecci\u00f3n de los derechos humanos, se fortalezca la<br \/>\nlibertad religiosa, se promueva la participaci\u00f3n de la poblaci\u00f3n, se garantice la seguridad ciudadana, se combata la corrupci\u00f3n, el lavado de activos y la trata de personas, se enfrente la influencia del narcotr\u00e1fico y las econom\u00edas ilegales en la pol\u00edtica, y se consolide la reforma de la descentralizaci\u00f3n, en un marco de gobernabilidad y de gesti\u00f3n p\u00fablica eficaz y transparente.<\/p>\n<p style=\"margin: 16px 0px 0px; padding: 0px; border: 0px; vertical-align: baseline; line-height: 22px; color: rgb(68, 68, 68); font-family: Arial, FreeSans, Helvetica, sans-serif; font-size: 13px; background: rgb(249, 247, 245);\">Anhelamos a que en el pr\u00f3ximo Gobierno se cuide el medio ambiente, usando y aprovechando los recursos naturales y la biodiversidad de manera sostenible, enfrentando las amenazas y aprovechando las oportunidades asociadas al cambio clim\u00e1tico, promoviendo ciudades y comunidades saludables en armon\u00eda con su entorno natural, fortaleciendo la gesti\u00f3n integrada de riesgos de desastres y desarrollando la ciudadan\u00eda ambiental.<\/p>\n<p style=\"margin: 16px 0px 0px; padding: 0px; border: 0px; vertical-align: baseline; line-height: 22px; color: rgb(68, 68, 68); font-family: Arial, FreeSans, Helvetica, sans-serif; font-size: 13px; background: rgb(249, 247, 245);\">Asimismo, como comunidades de fe, resaltamos la responsabilidad que tendr\u00e1 el pr\u00f3ximo Gobierno en avanzar en el logro de los Objetivos de Desarrollo Sostenible (ODS) y el cumplimento de las Pol\u00edticas de Estado del Acuerdo Nacional, especialmente para poner fin a la pobreza y el hambre, con el prop\u00f3sito de alcanzar una vida con dignidad para todos los habitantes de nuestro pa\u00eds.<\/p>\n<p style=\"margin: 16px 0px 0px; padding: 0px; border: 0px; vertical-align: baseline; line-height: 22px; color: rgb(68, 68, 68); font-family: Arial, FreeSans, Helvetica, sans-serif; font-size: 13px; background: rgb(249, 247, 245);\">Consideramos que el respeto y la tolerancia, como valores de la convivencia pac\u00edfica y democr\u00e1tica, deben primar en los d\u00edas que restan de la actual campa\u00f1a electoral, para que no se ahonde la desuni\u00f3n entre todos los peruanos y peruanas, y para que se visibilice que la pol\u00edtica es el punto m\u00e1s alto de la caridad, en raz\u00f3n de que su fin \u00faltimo es el bien com\u00fan.<\/p>\n<p style=\"margin: 16px 0px 0px; padding: 0px; border: 0px; vertical-align: baseline; line-height: 22px; color: rgb(68, 68, 68); font-family: Arial, FreeSans, Helvetica, sans-serif; font-size: 13px; background: rgb(249, 247, 245);\">Unidos en oraci\u00f3n con todos los creyentes y practicantes de las diversas Comunidades Religiosas del Per\u00fa, invocamos la protecci\u00f3n de Dios para nuestro querido pa\u00eds y le rogamos que gu\u00ede y acompa\u00f1e a las autoridades presidenciales que ser\u00e1n elegidas el pr\u00f3ximo 5 de junio.<br \/>\nLima, 23 de mayo de 2016<\/p>\n<p style=\"margin: 16px 0px 0px; padding: 0px; border: 0px; vertical-align: baseline; background: rgb(249, 247, 245);\"><font color=\"#444444\" face=\"Arial, FreeSans, Helvetica, sans-serif\"><span style=\"font-size: 13px; line-height: 22px;\">Fuente: radioevangelizacion.org<\/span><\/font><\/p>\n<p><a href=\"http:\/\/web.hilo.org.pe\/wp-content\/uploads\/20160525_Consejoreligioso.jpg\" target=\"_blank\" rel=\"noopener\">Ver archivo adjunto<\/a><\/p>\n","protected":false},"excerpt":{"rendered":"<p>El Consejo Interreligioso del Per? &#8211; Religiones por la Paz, que re?ne a representantes de varias confesiones religiosas, hizo un llamado a los ciudadanos a que \u00abeval?en con criterios ?ticos la decisi?n que adoptar?n en la elecci?n presidencial del 5 de junio de 2016, dentro del marco de una cultura democr?tica que debe enfatizar el valor de la fraternidad\u00bb.<\/p>\n","protected":false},"author":1,"featured_media":0,"comment_status":"closed","ping_status":"closed","sticky":false,"template":"","format":"standard","meta":{"footnotes":""},"categories":[9],"tags":[],"class_list":["post-2798","post","type-post","status-publish","format-standard","hentry","category-noticias"],"_links":{"self":[{"href":"https:\/\/ceas.org.pe\/index.php\/wp-json\/wp\/v2\/posts\/2798","targetHints":{"allow":["GET"]}}],"collection":[{"href":"https:\/\/ceas.org.pe\/index.php\/wp-json\/wp\/v2\/posts"}],"about":[{"href":"https:\/\/ceas.org.pe\/index.php\/wp-json\/wp\/v2\/types\/post"}],"author":[{"embeddable":true,"href":"https:\/\/ceas.org.pe\/index.php\/wp-json\/wp\/v2\/users\/1"}],"replies":[{"embeddable":true,"href":"https:\/\/ceas.org.pe\/index.php\/wp-json\/wp\/v2\/comments?post=2798"}],"version-history":[{"count":1,"href":"https:\/\/ceas.org.pe\/index.php\/wp-json\/wp\/v2\/posts\/2798\/revisions"}],"predecessor-version":[{"id":6420,"href":"https:\/\/ceas.org.pe\/index.php\/wp-json\/wp\/v2\/posts\/2798\/revisions\/6420"}],"wp:attachment":[{"href":"https:\/\/ceas.org.pe\/index.php\/wp-json\/wp\/v2\/media?parent=2798"}],"wp:term":[{"taxonomy":"category","embeddable":true,"href":"https:\/\/ceas.org.pe\/index.php\/wp-json\/wp\/v2\/categories?post=2798"},{"taxonomy":"post_tag","embeddable":true,"href":"https:\/\/ceas.org.pe\/index.php\/wp-json\/wp\/v2\/tags?post=2798"}],"curies":[{"name":"wp","href":"https:\/\/api.w.org\/{rel}","templated":true}]}}