{"id":2797,"date":"2016-05-25T11:16:31","date_gmt":"2016-05-25T11:16:31","guid":{"rendered":""},"modified":"2026-03-11T09:12:03","modified_gmt":"2026-03-11T14:12:03","slug":"papa-ora-por-los-nioos-desaparecidos-en-el-mundo-y-terrorismo-en-siria","status":"publish","type":"post","link":"https:\/\/ceas.org.pe\/index.php\/2016\/05\/25\/papa-ora-por-los-nioos-desaparecidos-en-el-mundo-y-terrorismo-en-siria\/","title":{"rendered":"Papa ora por los ni\u00f3os desaparecidos en el mundo y terrorismo en Siria"},"content":{"rendered":"<p>(RV).- En su audiencia general, en \u00a0la v\u00edspera de la Solemnidad del Sant\u00edsimo Cuerpo y Sangre de Cristo del Jubileo de la Misericordia, el Papa Francisco rez\u00f3 con los numerosos peregrinos de tantas partes del mundo por las v\u00edctimas inocentes del terrorismo en Siria, por la conversi\u00f3n de los terroristas y por los menores que desaparecen en todo el mundo, invitando asimismo a la procesi\u00f3n y a la Misa del Corpus Domini.<\/p>\n<p>Al coincidir la audiencia general con el D\u00eda internacional dedicado a los ni\u00f1os desaparecidos, el Papa reiter\u00f3 tambi\u00e9n el deber de proteger a los menores contra toda violencia, abuso y explotaci\u00f3n, y la responsabilidad de las autoridades civiles y religiosas:<\/p>\n<div>\u00abHoy es el D\u00eda internacional de los Ni\u00f1os Desaparecidos. Es un deber de todos proteger a los ni\u00f1os, sobre todo a los que est\u00e1n expuestos a un elevado riesgo de explotaci\u00f3n, trata y conductas desviantes. Anhelo que las autoridades civiles y religiosas puedan sacudir y sensibilizar las conciencias, para evitar la indiferencia ante el sufrimiento de los ni\u00f1os solos, explotados y alejados de sus familias y de su contexto social, ni\u00f1os que no pueden crecer serenamente y mirar con esperanza al futuro. Invito a todos a la oraci\u00f3n para que cada uno de ellos pueda volver al afecto de sus seres queridos\u00bb.<\/div>\n<div>\u00a0<\/div>\n<div>\u00c9sta fue la invitaci\u00f3n del Santo Padre a celebraci\u00f3n del Corpus en la Catedral de Roma, que culmina en la Bas\u00edlica de Santa Mar\u00eda La Mayor:<\/div>\n<div>\u00a0<\/div>\n<div>\u00abMa\u00f1ana, en Roma viviremos la tradicional procesi\u00f3n del Corpus Domini. A las 7 de la tarde, en la Plaza de San Juan de Letr\u00e1n, celebrar\u00e9 la Santa Misa, y luego adoraremos al Sant\u00edsimo Sacramento caminando hasta la Bas\u00edlica de Santa Mar\u00eda La Mayor. Invito a los romanos y a los peregrinos a participar en este solemne acto p\u00fablico de fe y de amor a Jes\u00fas realmente presente en la Eucarist\u00eda\u00bb<\/div>\n<div>\u00a0<\/div>\n<div>Despu\u00e9s de rezar el Padre Nuestro culminando la audiencia general con el Ave Mar\u00eda, \u00a0una vez m\u00e1s el dolor y preocupaci\u00f3n del Obispo de Roma se hizo inquebrantable oraci\u00f3n, ante la cruel sinraz\u00f3n de la violencia terrorista en la amada tierra siria, como ha subrayado ya en varias ocasiones:<\/div>\n<div>\u00a0<\/div>\n<div>\u00abEl lunes pasado, en Siria, en la amada Siria, se perpetraron algunos atentados terroristas, que han causado la muerte de un centenar de civiles inermes. Exhorto a todos a rezar al Padre misericordioso y a rezarle a la Virgen, para que done el reposo eterno a las v\u00edctimas, consolaci\u00f3n a sus familiares y convierta el coraz\u00f3n de cuantos siembran muerte y destrucci\u00f3n. Todos juntos recemos el Ave Mar\u00eda\u00bb<\/div>\n<div>\u00a0<\/div>\n<div>Recordando que la Iglesia dedica el mes de mayo, en particular, a \u00a0la oraci\u00f3n mariana, el Papa Francisco exhort\u00f3 a dirigir nuestra s\u00faplica a la Virgen Mar\u00eda Madre de Dios, que es tambi\u00e9n madre nuestra, para que nos ense\u00f1e los caminos de la salvaci\u00f3n.<\/div>\n<div>\u00a0<\/div>\n<div>Fuente: radiovaticana.va<\/div>\n<p><a href=\"http:\/\/web.hilo.org.pe\/wp-content\/uploads\/Oracion papa.jpg\" target=\"_blank\" rel=\"noopener\">Ver archivo adjunto<\/a><\/p>\n","protected":false},"excerpt":{"rendered":"<p>(RV).- En su audiencia general, en  la v?spera de la Solemnidad del Sant?simo Cuerpo y Sangre de Cristo del Jubileo de la Misericordia, el Papa Francisco rez? con los numerosos peregrinos de tantas partes del mundo por las v?ctimas inocentes del terrorismo en Siria, por la conversi?n de los terroristas y por los menores que desaparecen en todo el mundo, invitando asimismo a la procesi?n y a la Misa del Corpus Domini.<\/p>\n","protected":false},"author":1,"featured_media":0,"comment_status":"closed","ping_status":"closed","sticky":false,"template":"","format":"standard","meta":{"footnotes":""},"categories":[9],"tags":[],"class_list":["post-2797","post","type-post","status-publish","format-standard","hentry","category-noticias"],"_links":{"self":[{"href":"https:\/\/ceas.org.pe\/index.php\/wp-json\/wp\/v2\/posts\/2797","targetHints":{"allow":["GET"]}}],"collection":[{"href":"https:\/\/ceas.org.pe\/index.php\/wp-json\/wp\/v2\/posts"}],"about":[{"href":"https:\/\/ceas.org.pe\/index.php\/wp-json\/wp\/v2\/types\/post"}],"author":[{"embeddable":true,"href":"https:\/\/ceas.org.pe\/index.php\/wp-json\/wp\/v2\/users\/1"}],"replies":[{"embeddable":true,"href":"https:\/\/ceas.org.pe\/index.php\/wp-json\/wp\/v2\/comments?post=2797"}],"version-history":[{"count":1,"href":"https:\/\/ceas.org.pe\/index.php\/wp-json\/wp\/v2\/posts\/2797\/revisions"}],"predecessor-version":[{"id":6421,"href":"https:\/\/ceas.org.pe\/index.php\/wp-json\/wp\/v2\/posts\/2797\/revisions\/6421"}],"wp:attachment":[{"href":"https:\/\/ceas.org.pe\/index.php\/wp-json\/wp\/v2\/media?parent=2797"}],"wp:term":[{"taxonomy":"category","embeddable":true,"href":"https:\/\/ceas.org.pe\/index.php\/wp-json\/wp\/v2\/categories?post=2797"},{"taxonomy":"post_tag","embeddable":true,"href":"https:\/\/ceas.org.pe\/index.php\/wp-json\/wp\/v2\/tags?post=2797"}],"curies":[{"name":"wp","href":"https:\/\/api.w.org\/{rel}","templated":true}]}}