{"id":2796,"date":"2016-05-23T12:06:32","date_gmt":"2016-05-23T12:06:32","guid":{"rendered":""},"modified":"2026-03-11T09:12:03","modified_gmt":"2026-03-11T14:12:03","slug":"franscisco-pide-al-celam-implementar-la-evangelii-gaudium-en-amorica-latina","status":"publish","type":"post","link":"https:\/\/ceas.org.pe\/index.php\/2016\/05\/23\/franscisco-pide-al-celam-implementar-la-evangelii-gaudium-en-amorica-latina\/","title":{"rendered":"Franscisco pide al CELAM implementar la Evangelii Gaudium en Am\u00f3rica Latina"},"content":{"rendered":"<p>Ciudad del Vaticano.- El papa Francisco recomend\u00f3 a los representantes del episcopado latinoamericano \u00abImplementar la exhortaci\u00f3n apost\u00f3lica Evangelii Gaudium\u00bb, especialmente todo lo que hace referencia a los laicos\u00bb. \u00a0Tras reunirse con los miembros de la presidencia del Consejo Episcopal Latinoamericano (CELAM), el jueves en el Vaticano, El Pont\u00edfice record\u00f3 que \u00abDesde hace 50 a\u00f1os o m\u00e1s se viene diciendo que \u00abesta es la hora de los laicos\u00bb, pero parece que se ha parado el reloj<\/p>\n<p>El encuentro se llev\u00f3 a cabo en la biblioteca privada del palacio apost\u00f3lico el jueves 19 de mayo y participaron su presidente, el Cardenal Rub\u00e9n Salazar G\u00f3mez, Arzobispo de Bogot\u00e1 (Colombia); el presidente del Consejo de Asuntos Econ\u00f3micos, el Cardenal Jos\u00e9 Luis Lacunza Maestroju\u00e1n, Obispo de David (Panam\u00e1); los vicepresidentes, monse\u00f1or Carlos Collazzi, Obispo de Mercedes, (Uruguay) y Dom Jos\u00e9 Belis\u00e1rio da Silva, Arzobispo de S\u00e0o Luis do Maranh\u00e3o (Brasil); el Secretario General, monse\u00f1or Juan Espinoza Jim\u00e9nez, Obispo Auxiliar de Morelia (M\u00e9xico); y el Secretario Adjunto, padre Leonidas Ortiz, de la Di\u00f3cesis de Garz\u00f3n (Colombia).<\/p>\n<div>Durante la audiencia el Obispo de Roma recomend\u00f3 la lectura y aplicaci\u00f3n de la Carta que dirigi\u00f3 al presidente de la Pontificia Comisi\u00f3n para Am\u00e9rica Latina, el Cardenal Marc Ouellet con motivo de la reciente Asamblea que este dicasterio organiz\u00f3 sobre \u201cel indispensable compromiso de los laicos en la vida p\u00fablica de los pa\u00edses latinoamericanos\u201d.<\/div>\n<div>\u00a0<\/div>\n<div>Asimismo, el Papa anim\u00f3 a los Obispos de Am\u00e9rica Latina a unirse a la celebraci\u00f3n del Congreso sobre el Jubileo Extraordinario de la Misericordia, organizado por el CELAM y la Pontificia Comisi\u00f3n para Am\u00e9rica Latina, con el lema \u201cQue un viento impetuoso de santidad recorra el pr\u00f3ximo Jubileo extraordinario de la misericordia en todas las Am\u00e9rica\u201d y que se llevar\u00e1 a cabo en Bogot\u00e1 (Colombia) el pr\u00f3ximo mes de agosto.<\/div>\n<div>\u00a0<\/div>\n<div>Por \u00faltimo, seg\u00fan inform\u00f3 el CELAM, el Santo Padre \u201cmostr\u00f3 su preocupaci\u00f3n por los problemas sociales que se est\u00e1n viviendo en Am\u00e9rica en general, entre ellos, las elecciones en Estados Unidos por la falta de una atenci\u00f3n m\u00e1s viva a la situaci\u00f3n social de los m\u00e1s pobres y excluidos; los conflictos sociales, econ\u00f3micos y pol\u00edticos de Venezuela, Brasil, Bolivia y Argentina; las carencias del pueblo haitiano y la falta de di\u00e1logo de las autoridades de los pa\u00edses que comparten la isla, Hait\u00ed y Rep\u00fablica Dominicana, a fin de encontrar una soluci\u00f3n legal a los migrantes y desplazados y la manera de entender lo que es un estado laico y el papel de la libertad religiosa por parte de algunas autoridades en M\u00e9xico\u201d.<\/div>\n<div>\u00a0<\/div>\n<div>Fuente: news.va\/ Radio Vaticana.<\/div>\n<div>\u00a0<\/div>\n<p>\u00a0<\/p>\n<p><a href=\"http:\/\/web.hilo.org.pe\/wp-content\/uploads\/Papapidealcelam.jpg\" target=\"_blank\" rel=\"noopener\">Ver archivo adjunto<\/a><\/p>\n","protected":false},"excerpt":{"rendered":"<p>Ciudad del Vaticano.- El papa Francisco recomend? a los representantes del episcopado latinoamericano \u00abImplementar la exhortaci?n apost?lica Evangelii Gaudium\u00bb, especialmente todo lo que hace referencia a los laicos\u00bb.<\/p>\n","protected":false},"author":1,"featured_media":0,"comment_status":"closed","ping_status":"closed","sticky":false,"template":"","format":"standard","meta":{"footnotes":""},"categories":[9],"tags":[],"class_list":["post-2796","post","type-post","status-publish","format-standard","hentry","category-noticias"],"_links":{"self":[{"href":"https:\/\/ceas.org.pe\/index.php\/wp-json\/wp\/v2\/posts\/2796","targetHints":{"allow":["GET"]}}],"collection":[{"href":"https:\/\/ceas.org.pe\/index.php\/wp-json\/wp\/v2\/posts"}],"about":[{"href":"https:\/\/ceas.org.pe\/index.php\/wp-json\/wp\/v2\/types\/post"}],"author":[{"embeddable":true,"href":"https:\/\/ceas.org.pe\/index.php\/wp-json\/wp\/v2\/users\/1"}],"replies":[{"embeddable":true,"href":"https:\/\/ceas.org.pe\/index.php\/wp-json\/wp\/v2\/comments?post=2796"}],"version-history":[{"count":1,"href":"https:\/\/ceas.org.pe\/index.php\/wp-json\/wp\/v2\/posts\/2796\/revisions"}],"predecessor-version":[{"id":6422,"href":"https:\/\/ceas.org.pe\/index.php\/wp-json\/wp\/v2\/posts\/2796\/revisions\/6422"}],"wp:attachment":[{"href":"https:\/\/ceas.org.pe\/index.php\/wp-json\/wp\/v2\/media?parent=2796"}],"wp:term":[{"taxonomy":"category","embeddable":true,"href":"https:\/\/ceas.org.pe\/index.php\/wp-json\/wp\/v2\/categories?post=2796"},{"taxonomy":"post_tag","embeddable":true,"href":"https:\/\/ceas.org.pe\/index.php\/wp-json\/wp\/v2\/tags?post=2796"}],"curies":[{"name":"wp","href":"https:\/\/api.w.org\/{rel}","templated":true}]}}