{"id":2794,"date":"2016-05-20T14:09:11","date_gmt":"2016-05-20T14:09:11","guid":{"rendered":""},"modified":"2026-03-11T09:12:03","modified_gmt":"2026-03-11T14:12:03","slug":"oracion-del-papa-por-la-paz-en-ucrania-y-en-el-mundo","status":"publish","type":"post","link":"https:\/\/ceas.org.pe\/index.php\/2016\/05\/20\/oracion-del-papa-por-la-paz-en-ucrania-y-en-el-mundo\/","title":{"rendered":"Oraci\u00f3n del Papa por la paz en Ucrania y en el mundo"},"content":{"rendered":"<p>Ucrania, la Batalla de Montecassino en la Segunda Mundial, San Juan Pablo II. Una vez m\u00e1s la audiencia general del Papa fue momento de oraci\u00f3n con los peregrinos de tantas partes del mundo. En la tercera del mes de mayo, mes de la Virgen Mar\u00eda, el Papa Francisco reiter\u00f3 su preocupaci\u00f3n por el conflicto en Ucrania, con unas palabras especiales a un grupo de peque\u00f1os y un nuevo apremiante llamamiento:<\/p>\n<p>\u00abSaludo con especial cari\u00f1o a los ni\u00f1os ucranianos, hu\u00e9rfanos y pr\u00f3fugos a causa del conflicto armado que a\u00fan prosigue en el Este el pa\u00eds. Por intercesi\u00f3n de Mar\u00eda Sant\u00edsima, renuevo mi oraci\u00f3n para que se logre una paz duradera, que pueda aliviar a la poblaci\u00f3n tan probada y ofrezca un futuro sereno a las nuevas generaciones\u00bb<\/p>\n<div>Coincidiendo la audiencia general con la fecha del 18 de mayo, d\u00eda en que naci\u00f3 el Papa Karol Wojtyla y d\u00eda hist\u00f3rico en la batalla de Montecassino, en 1944, el Papa Francisco evoc\u00f3 a su amado y santo predecesor. Y se uni\u00f3 espiritualmente a la Misa en el cementerio polaco, en esa hist\u00f3rica localidad, en memoria de los ca\u00eddos. Tambi\u00e9n se uni\u00f3 el Obispo de Roma a la consagraci\u00f3n de un nuevo santuario en Polonia:<\/div>\n<div>\u00a0<\/div>\n<div>\u00abHoy, d\u00eda del nacimiento de San Juan Pablo II, saludo cordialmente a todos los polacos presentes. Me uno espiritualmente al Presidente de la Rep\u00fablica de Polonia, a los combatientes y participantes en la Santa Misa en el cementerio polaco de Montecassino en recuerdo de los ca\u00eddos, as\u00ed como a cuantos est\u00e1n reunidos en Torun, para la consagraci\u00f3n del \u201cSantuario de la Bienaventurada Virgen Mar\u00eda Estrella de la Nueva Evangelizaci\u00f3n y de San Juan Pablo II\u201d. Que estos dos importantes eventos sean para ustedes una invitaci\u00f3n a rezar por la paz, por la Iglesia en Polonia y por la prosperidad de su patria \u00a1Alabado sea Jesucristo!\u00bb<\/div>\n<div>\u00a0<\/div>\n<div>En el mes mariano de mayo, el Papa Francisco invit\u00f3 a contemplar a la Virgen de Nazaret, aprendiendo de Ella a escuchar la palabra del Se\u00f1or, a hacer su voluntad y a amar al pr\u00f3jimo:<\/div>\n<div>\u00a0<\/div>\n<div>\u00abCon el deseo de que su peregrinaci\u00f3n a las tumbas de los Santos Ap\u00f3stoles Pedro y Pablo fortalezca en sus corazones el sentir y el vivir de la Iglesia, bajo la tierna mirada de la Virgen Madre \u00a1Aprendamos de Ella a leer los signos de Dios en la historia, para ser constructores de una humanidad nueva!\u00bb<\/div>\n<div>\u00a0<\/div>\n<div>Deseando que la peregrinaci\u00f3n jubilar, suscite en todos el deseo de ser cada vez m\u00e1s testimonios de misericordia enriqueciendo a sus comunidades con la fe y el esp\u00edritu misionero, el Papa dio su cordial bienvenida, como es tradicional a los j\u00f3venes, a los enfermos y a los reci\u00e9n casados:<\/div>\n<div>\u00a0<\/div>\n<div>\u00abQueridos j\u00f3venes, sobre todo a los estudiantes del Lacio, de la iniciativa \u2018Contemos en Jubileo, aprendan de San Francisco de Paula que la humildad es fortaleza, no es debilidad. Queridos enfermos, no se cansen de pedir en la oraci\u00f3n la ayuda del Se\u00f1or, en especial en las dificultades. Y, ustedes, queridos reci\u00e9n casados, compitan con los santos en estimarse y ayudarse mutuamente\u00bb.<\/div>\n<div>\u00a0<\/div>\n<div>Fuente. radiovaticana.va<\/div>\n<p><a href=\"http:\/\/web.hilo.org.pe\/wp-content\/uploads\/Oracionpapa.jpg\" target=\"_blank\" rel=\"noopener\">Ver archivo adjunto<\/a><\/p>\n","protected":false},"excerpt":{"rendered":"<p>Ucrania, la Batalla de Montecassino en la Segunda Mundial, San Juan Pablo II. Una vez m?s la audiencia general del Papa fue momento de oraci?n con los peregrinos de tantas partes del mundo. En la tercera del mes de mayo, mes de la Virgen Mar?a, el Papa Francisco reiter? su preocupaci?n por el conflicto en Ucrania, con unas palabras especiales a un grupo de peque?os y un nuevo apremiante llamamiento:<\/p>\n","protected":false},"author":1,"featured_media":8041,"comment_status":"closed","ping_status":"closed","sticky":false,"template":"","format":"standard","meta":{"footnotes":""},"categories":[9],"tags":[],"class_list":["post-2794","post","type-post","status-publish","format-standard","has-post-thumbnail","hentry","category-noticias"],"_links":{"self":[{"href":"https:\/\/ceas.org.pe\/index.php\/wp-json\/wp\/v2\/posts\/2794","targetHints":{"allow":["GET"]}}],"collection":[{"href":"https:\/\/ceas.org.pe\/index.php\/wp-json\/wp\/v2\/posts"}],"about":[{"href":"https:\/\/ceas.org.pe\/index.php\/wp-json\/wp\/v2\/types\/post"}],"author":[{"embeddable":true,"href":"https:\/\/ceas.org.pe\/index.php\/wp-json\/wp\/v2\/users\/1"}],"replies":[{"embeddable":true,"href":"https:\/\/ceas.org.pe\/index.php\/wp-json\/wp\/v2\/comments?post=2794"}],"version-history":[{"count":1,"href":"https:\/\/ceas.org.pe\/index.php\/wp-json\/wp\/v2\/posts\/2794\/revisions"}],"predecessor-version":[{"id":6424,"href":"https:\/\/ceas.org.pe\/index.php\/wp-json\/wp\/v2\/posts\/2794\/revisions\/6424"}],"wp:featuredmedia":[{"embeddable":true,"href":"https:\/\/ceas.org.pe\/index.php\/wp-json\/wp\/v2\/media\/8041"}],"wp:attachment":[{"href":"https:\/\/ceas.org.pe\/index.php\/wp-json\/wp\/v2\/media?parent=2794"}],"wp:term":[{"taxonomy":"category","embeddable":true,"href":"https:\/\/ceas.org.pe\/index.php\/wp-json\/wp\/v2\/categories?post=2794"},{"taxonomy":"post_tag","embeddable":true,"href":"https:\/\/ceas.org.pe\/index.php\/wp-json\/wp\/v2\/tags?post=2794"}],"curies":[{"name":"wp","href":"https:\/\/api.w.org\/{rel}","templated":true}]}}