{"id":2792,"date":"2016-05-19T17:51:18","date_gmt":"2016-05-19T17:51:18","guid":{"rendered":""},"modified":"2026-03-11T09:12:03","modified_gmt":"2026-03-11T14:12:03","slug":"se-inicio-feria-del-libro-catolica-en-el-pero","status":"publish","type":"post","link":"https:\/\/ceas.org.pe\/index.php\/2016\/05\/19\/se-inicio-feria-del-libro-catolica-en-el-pero\/","title":{"rendered":"Se inici\u00f3 Feria del Libro Cat\u00f3lica en el Per\u00f3"},"content":{"rendered":"<p>Por tercer a\u00f1o consecutivo la Facultad de Teolog\u00eda Pontificia y Civil de Lima (FTPCL) realiza la Feria del Libro Cat\u00f3lico, cuyo lema para esta edici\u00f3n es \u201cLa Palabra es Misericordia\u201d, inspirado en el Jubileo convocado por el Papa Francisco.<\/p>\n<div>\u00a0<\/div>\n<div>La feria ir\u00e1 desde este martes 17 hasta el s\u00e1bado 21 de mayo en la sede ubicada en Av. Sucre 1200 en Pueblo Libre (al costado del Seminario Santo Toribio). La inauguraci\u00f3n est\u00e1 a cargo del Cardenal Juan Luis Cipriani hoy a las 11:45 a.m.<\/div>\n<div>\u00a0<\/div>\n<div>\u00a0<\/div>\n<div>Para este a\u00f1o se contar\u00e1 con la participaci\u00f3n de m\u00e1s de 20 editoriales. Asimismo, habr\u00e1 diferentes eventos como presentaciones de libros, conferencias y exposiciones de catedr\u00e1ticos y autores cat\u00f3licos destacados que debaten temas de teolog\u00eda y filosof\u00eda.<\/div>\n<div>\u00a0<\/div>\n<div>El P. Carlos Rosell, rector de la FTPCL, record\u00f3 que esta iniciativa busca motivar la lectura de libros que potencien la formaci\u00f3n de los cat\u00f3licos.<\/div>\n<div>\u00a0<\/div>\n<div>\u201cQueremos que cada d\u00eda m\u00e1s personas busquen la verdad de Cristo, para ser constructores de una sociedad donde reine la verdad, el bien y la belleza; y donde no tengamos miedo de dialogar con aquellos que no creen como nosotros creemos\u201d, se\u00f1al\u00f3.<\/div>\n<div>\u00a0<\/div>\n<div>La Feria del libro Cat\u00f3lico es una iniciativa de la FTPCL donde se re\u00fanen las principales editoriales cat\u00f3licas nacionales e internacionales con la finalidad de que todos puedan conocer m\u00e1s sobre la verdad de Cristo.<\/div>\n<div>\u00a0<\/div>\n<div>Este a\u00f1o la feria se organiza en el marco del A\u00f1o de la Misericordia y es auspiciada por el Arzobispado de Lima.<\/div>\n<div>\u00a0<\/div>\n<div>Adem\u00e1s cuenta con la participaci\u00f3n de la Universidad Cat\u00f3lica Sedes Sapientiae, la Universidad Cat\u00f3lica San Pablo, Librer\u00eda Editorial Salesiana, San Pablo, Paulinas, Vida y Espiritualidad, FASTA y el semanario Cristo Hoy.<\/div>\n<div>\u00a0<\/div>\n<div>Fuente: aciprensa.com<\/div>\n<p><a href=\"http:\/\/web.hilo.org.pe\/wp-content\/uploads\/Feria del Libro Catolica en el Peru.jpg\" target=\"_blank\" rel=\"noopener\">Ver archivo adjunto<\/a><\/p>\n","protected":false},"excerpt":{"rendered":"<p>Por tercer a?o consecutivo la Facultad de Teolog?a Pontificia y Civil de Lima (FTPCL) realiza la Feria del Libro Cat?lico, cuyo lema para esta edici?n es ?La Palabra es Misericordia?, inspirado en el Jubileo convocado por el Papa Francisco.<\/p>\n","protected":false},"author":1,"featured_media":7848,"comment_status":"closed","ping_status":"closed","sticky":false,"template":"","format":"standard","meta":{"footnotes":""},"categories":[9],"tags":[],"class_list":["post-2792","post","type-post","status-publish","format-standard","has-post-thumbnail","hentry","category-noticias"],"_links":{"self":[{"href":"https:\/\/ceas.org.pe\/index.php\/wp-json\/wp\/v2\/posts\/2792","targetHints":{"allow":["GET"]}}],"collection":[{"href":"https:\/\/ceas.org.pe\/index.php\/wp-json\/wp\/v2\/posts"}],"about":[{"href":"https:\/\/ceas.org.pe\/index.php\/wp-json\/wp\/v2\/types\/post"}],"author":[{"embeddable":true,"href":"https:\/\/ceas.org.pe\/index.php\/wp-json\/wp\/v2\/users\/1"}],"replies":[{"embeddable":true,"href":"https:\/\/ceas.org.pe\/index.php\/wp-json\/wp\/v2\/comments?post=2792"}],"version-history":[{"count":1,"href":"https:\/\/ceas.org.pe\/index.php\/wp-json\/wp\/v2\/posts\/2792\/revisions"}],"predecessor-version":[{"id":6426,"href":"https:\/\/ceas.org.pe\/index.php\/wp-json\/wp\/v2\/posts\/2792\/revisions\/6426"}],"wp:featuredmedia":[{"embeddable":true,"href":"https:\/\/ceas.org.pe\/index.php\/wp-json\/wp\/v2\/media\/7848"}],"wp:attachment":[{"href":"https:\/\/ceas.org.pe\/index.php\/wp-json\/wp\/v2\/media?parent=2792"}],"wp:term":[{"taxonomy":"category","embeddable":true,"href":"https:\/\/ceas.org.pe\/index.php\/wp-json\/wp\/v2\/categories?post=2792"},{"taxonomy":"post_tag","embeddable":true,"href":"https:\/\/ceas.org.pe\/index.php\/wp-json\/wp\/v2\/tags?post=2792"}],"curies":[{"name":"wp","href":"https:\/\/api.w.org\/{rel}","templated":true}]}}