{"id":2791,"date":"2016-05-19T17:48:38","date_gmt":"2016-05-19T17:48:38","guid":{"rendered":""},"modified":"2026-03-11T09:12:03","modified_gmt":"2026-03-11T14:12:03","slug":"campaoa-oave-maroas-gratiso","status":"publish","type":"post","link":"https:\/\/ceas.org.pe\/index.php\/2016\/05\/19\/campaoa-oave-maroas-gratiso\/","title":{"rendered":"Campa\u00f3a \u00f3Ave Mar\u00f3as Gratis\u00f3"},"content":{"rendered":"<p>Ave Mar\u00edas Gratis es una iniciativa creada en el 2013 por j\u00f3venes cat\u00f3licos de Per\u00fa que busca llevar la Iglesia a las calles durante el mes de mayo o Mes de Mar\u00eda, ofreciendo a distintas personas en la v\u00eda p\u00fablica rezar con ellas un Ave Mar\u00eda por sus intenciones personales.<\/p>\n<div>\u00a0<\/div>\n<div>El encuentro de este a\u00f1o se realizar\u00e1 el s\u00e1bado 21 de mayo las 3:00 pm en el parque Ram\u00f3n Castilla de Lince (Lima) y contar\u00e1 con un concierto con las agrupaciones Equaci\u00f3n Sin Fin, Navis, Eddy Perez, Mauricio Alen y Miguel Qui\u00f1ones.<\/div>\n<div>\u00a0<\/div>\n<div>\u201cEs una experiencia muy bonita el escuchar las necesidades de tu hermano, as\u00ed sea en ese momento un desconocido, y mostrarse disponible, es una forma de dejar tu comodidad para servir al otro y casi siempre la respuesta de la gente te llena mucho, siempre recibes m\u00e1s de lo que das\u201d, dijo uno de los creadores de la campa\u00f1a.\u00a0<\/div>\n<div>\u00a0<\/div>\n<div>La idea de las Ave Mar\u00edas Gratis, que busca acercar la oraci\u00f3n a todas las personas, se inspir\u00f3 en el exitoso video de YouTube de la campa\u00f1a \u201cAbrazos Gratis\u201d, creada en el 2004 por el australiano Juan Mann y su amigo Shimon Moore.<\/div>\n<div>\u00a0<\/div>\n<div>Esta campa\u00f1a tambi\u00e9n suele realizarse en Ecuador, Colombia, Bolivia, Argentina, Chile (en Noviembre), Estados Unidos y varios pa\u00edses de Europa.<\/div>\n<div>\u00a0<\/div>\n<div>Fuente: aciprensa.com<\/div>\n<p><a href=\"http:\/\/web.hilo.org.pe\/wp-content\/uploads\/20160519_Campanavemaria1.jpg\" target=\"_blank\" rel=\"noopener\">Ver archivo adjunto<\/a><\/p>\n","protected":false},"excerpt":{"rendered":"<p>\u00a0Ave Mar\u00edas Gratis es una iniciativa creada en el 2013 por j\u00f3venes cat\u00f3licos de Per\u00fa que busca llevar la Iglesia a las calles durante el mes de mayo o Mes de Mar\u00eda, ofreciendo a distintas personas en la v\u00eda p\u00fablica rezar con ellas un Ave Mar\u00eda por sus intenciones personales.<\/p>\n","protected":false},"author":1,"featured_media":7864,"comment_status":"closed","ping_status":"closed","sticky":false,"template":"","format":"standard","meta":{"footnotes":""},"categories":[9],"tags":[],"class_list":["post-2791","post","type-post","status-publish","format-standard","has-post-thumbnail","hentry","category-noticias"],"_links":{"self":[{"href":"https:\/\/ceas.org.pe\/index.php\/wp-json\/wp\/v2\/posts\/2791","targetHints":{"allow":["GET"]}}],"collection":[{"href":"https:\/\/ceas.org.pe\/index.php\/wp-json\/wp\/v2\/posts"}],"about":[{"href":"https:\/\/ceas.org.pe\/index.php\/wp-json\/wp\/v2\/types\/post"}],"author":[{"embeddable":true,"href":"https:\/\/ceas.org.pe\/index.php\/wp-json\/wp\/v2\/users\/1"}],"replies":[{"embeddable":true,"href":"https:\/\/ceas.org.pe\/index.php\/wp-json\/wp\/v2\/comments?post=2791"}],"version-history":[{"count":1,"href":"https:\/\/ceas.org.pe\/index.php\/wp-json\/wp\/v2\/posts\/2791\/revisions"}],"predecessor-version":[{"id":6427,"href":"https:\/\/ceas.org.pe\/index.php\/wp-json\/wp\/v2\/posts\/2791\/revisions\/6427"}],"wp:featuredmedia":[{"embeddable":true,"href":"https:\/\/ceas.org.pe\/index.php\/wp-json\/wp\/v2\/media\/7864"}],"wp:attachment":[{"href":"https:\/\/ceas.org.pe\/index.php\/wp-json\/wp\/v2\/media?parent=2791"}],"wp:term":[{"taxonomy":"category","embeddable":true,"href":"https:\/\/ceas.org.pe\/index.php\/wp-json\/wp\/v2\/categories?post=2791"},{"taxonomy":"post_tag","embeddable":true,"href":"https:\/\/ceas.org.pe\/index.php\/wp-json\/wp\/v2\/tags?post=2791"}],"curies":[{"name":"wp","href":"https:\/\/api.w.org\/{rel}","templated":true}]}}