{"id":2790,"date":"2016-05-18T13:17:15","date_gmt":"2016-05-18T13:17:15","guid":{"rendered":""},"modified":"2026-03-11T09:12:03","modified_gmt":"2026-03-11T14:12:03","slug":"mensaje-por-el-doa-internacional-de-los-museos","status":"publish","type":"post","link":"https:\/\/ceas.org.pe\/index.php\/2016\/05\/18\/mensaje-por-el-doa-internacional-de-los-museos\/","title":{"rendered":"Mensaje por el D\u00f3a Internacional de los Museos"},"content":{"rendered":"<div>La Comisi\u00f3n de Cultura y Educaci\u00f3n de la Conferencia Episcopal Peruana emiti\u00f3 en comunicado con ocasi\u00f3n del D\u00eda Internacional de los Museos que se celebra hoy, en la que se destaca y agradece el servicio de muchas personas que laboran en la conservaci\u00f3n y difusi\u00f3n del vasto patrimonio cultural de nuestro p\u00e1is. Presentamos el mensaje a continuaci\u00f3n.<\/div>\n<div>\u00a0<\/div>\n<div><strong>Mensaje por el D\u00eda Internacional de los Museos<\/strong><\/div>\n<div>\n<div><strong>18 de mayo de 2016<\/strong><\/div>\n<div>\u00a0<\/div>\n<div>Con ocasi\u00f3n del D\u00eda Internacional de los Museos, hacemos llegar un saludo cordial y un agradecimiento muy especial a cuantas personas e instituciones se dedican a la conservaci\u00f3n y difusi\u00f3n de nuestro rico patrimonio cultural en los diversos museos de la geograf\u00eda peruana.\u00a0<\/div>\n<div>\u00a0<\/div>\n<div>Su labor, muchas veces an\u00f3nima y callada, demuestra un elocuente amor por la belleza, un sincero respeto de la diversidad cultural y una genuina identificaci\u00f3n con la propia historia nacional y universal.\u00a0<\/div>\n<div>\u00a0<\/div>\n<div>Cuantos conformamos la secci\u00f3n de Bienes Culturales de la Comisi\u00f3n de Cultura y Educaci\u00f3n de la Conferencia Episcopal Peruana, reconocemos su valiosa contribuci\u00f3n, reiteramos nuestro compromiso con la nueva evangelizaci\u00f3n de la cultura, \u00a0y exhortamos a la comunidad cristiana y a la sociedad en general a colaborar con la defensa y la difusi\u00f3n de nuestro valioso patrimonio cultural, art\u00edstico y religioso.<\/div>\n<div>\u00a0<\/div>\n<div>Asimismo, es propicia la ocasi\u00f3n para invitarles a participar en el III Encuentro Nacional de Responsables de Bienes Culturales de la Iglesia, que se celebrar\u00e1 el s\u00e1bado 2 de julio de 2016 en el auditorio de la Conferencia Episcopal Peruana, bajo el lema \u201cLa importancia de recuperar y restaurar los bienes culturales de la Iglesia para la Nueva Evangelizaci\u00f3n\u201d.<\/div>\n<div>\u00a0<\/div>\n<div>\n<div>P. Jaume Benaloy Marco\u00a0<\/div>\n<div>Secretario Ejecutivo<\/div>\n<div>\u00a0<\/div>\n<div>+ Mons. Jos\u00e9 Javier Travieso Mart\u00edn, cmf<\/div>\n<div>Presidente<\/div>\n<\/div>\n<\/div>\n<div>\u00a0<\/div>\n<p><a href=\"http:\/\/web.hilo.org.pe\/wp-content\/uploads\/logo conferencia.jpg\" target=\"_blank\" rel=\"noopener\">Ver archivo adjunto<\/a><\/p>\n","protected":false},"excerpt":{"rendered":"<p>\u00a0La Comisi\u00f3n de Cultura y Educaci\u00f3n de la Conferencia Episcopal Peruana emiti\u00f3 en comunicado con ocasi\u00f3n del D\u00eda Internacional de los Museos que se celebra hoy, en la que se destaca y agradece el servicio de muchas personas que laboran en la conservaci\u00f3n y difusi\u00f3n del vasto patrimonio cultural de nuestro p\u00e1is. Presentamos el mensaje a continuaci\u00f3n.<\/p>\n<div>\u00a0<\/div>\n","protected":false},"author":1,"featured_media":7973,"comment_status":"closed","ping_status":"closed","sticky":false,"template":"","format":"standard","meta":{"footnotes":""},"categories":[9],"tags":[],"class_list":["post-2790","post","type-post","status-publish","format-standard","has-post-thumbnail","hentry","category-noticias"],"_links":{"self":[{"href":"https:\/\/ceas.org.pe\/index.php\/wp-json\/wp\/v2\/posts\/2790","targetHints":{"allow":["GET"]}}],"collection":[{"href":"https:\/\/ceas.org.pe\/index.php\/wp-json\/wp\/v2\/posts"}],"about":[{"href":"https:\/\/ceas.org.pe\/index.php\/wp-json\/wp\/v2\/types\/post"}],"author":[{"embeddable":true,"href":"https:\/\/ceas.org.pe\/index.php\/wp-json\/wp\/v2\/users\/1"}],"replies":[{"embeddable":true,"href":"https:\/\/ceas.org.pe\/index.php\/wp-json\/wp\/v2\/comments?post=2790"}],"version-history":[{"count":1,"href":"https:\/\/ceas.org.pe\/index.php\/wp-json\/wp\/v2\/posts\/2790\/revisions"}],"predecessor-version":[{"id":6428,"href":"https:\/\/ceas.org.pe\/index.php\/wp-json\/wp\/v2\/posts\/2790\/revisions\/6428"}],"wp:featuredmedia":[{"embeddable":true,"href":"https:\/\/ceas.org.pe\/index.php\/wp-json\/wp\/v2\/media\/7973"}],"wp:attachment":[{"href":"https:\/\/ceas.org.pe\/index.php\/wp-json\/wp\/v2\/media?parent=2790"}],"wp:term":[{"taxonomy":"category","embeddable":true,"href":"https:\/\/ceas.org.pe\/index.php\/wp-json\/wp\/v2\/categories?post=2790"},{"taxonomy":"post_tag","embeddable":true,"href":"https:\/\/ceas.org.pe\/index.php\/wp-json\/wp\/v2\/tags?post=2790"}],"curies":[{"name":"wp","href":"https:\/\/api.w.org\/{rel}","templated":true}]}}