{"id":2789,"date":"2016-05-18T11:02:39","date_gmt":"2016-05-18T11:02:39","guid":{"rendered":""},"modified":"2026-03-11T09:12:03","modified_gmt":"2026-03-11T14:12:03","slug":"celam-se-reunion-con-embajadores-de-amorica-latina-ante-la-santa-sede","status":"publish","type":"post","link":"https:\/\/ceas.org.pe\/index.php\/2016\/05\/18\/celam-se-reunion-con-embajadores-de-amorica-latina-ante-la-santa-sede\/","title":{"rendered":"CELAM se reuni\u00f3n con embajadores de Am\u00f3rica Latina ante la Santa Sede"},"content":{"rendered":"<p>As\u00ed lo expresan algunos de los Embajadores de Am\u00e9rica Latina ante la Santa Sede, reunidos con la Presidencia del CELAM, para estudiar la \u00faltima exhortaci\u00f3n del Papa Francisco Amoris Laetitia, la alegr\u00eda del amor, el lunes 16 de mayo en el Auditorio de la Pontificia Comisi\u00f3n para Am\u00e9rica Latina-CAL.<\/p>\n<div>\u00a0<\/div>\n<div>Los miembros de la Presidencia del CELAM que participaron en este foro en Roma fueron el Cardenal Rub\u00e9n Salazar G\u00f3mez, Arzobispo de Bogot\u00e1, Presidente de este organismo; Monse\u00f1or Carlos Collazzi, Obispo de Mercedes, Uruguay, Primer Vicepresidente; el Cardenal Jos\u00e9 Luis Lacunza Maestrojuan, Obispo de David, Panam\u00e1, Presidente del Consejo de Asuntos Econ\u00f3micos; Monse\u00f1or Juan Espinoza Jim\u00e9nez, Obispo Auxiliar de Morelia, M\u00e9xico, Secretario General; y el Padre Leonidas Ortiz, de la Di\u00f3cesis de Garz\u00f3n, Colombia, Secretario Adjunto.<\/div>\n<div>\u00a0<\/div>\n<div>En la mesa de Presidencia, adem\u00e1s del Cardenal Rub\u00e9n Salazar y de Monse\u00f1or Carlos Collazzi, estaba el Dr. Guzm\u00e1n Carriquiri, Vicepresidente de la CAL, quien coordin\u00f3 la sesi\u00f3n acad\u00e9mica con los Embajadores.<\/div>\n<div>\u00a0<\/div>\n<div>El Cardenal Rub\u00e9n Salazar, Presidente del CELAM, abri\u00f3 la reuni\u00f3n con una intervenci\u00f3n sobre la vocaci\u00f3n de la familia en la Iglesia y en la sociedad, a la luz de la Exhortaci\u00f3n postsinodal Amoris Laetitia. Present\u00f3 como n\u00facleo central del documento el amor en la vida familiar, fundamentado en el cap\u00edtulo trece de la primera carta de San Pablo a los Corintios. Y luego, explicit\u00f3 los ocho ejes tem\u00e1ticos de la exhortaci\u00f3n: el eje fontal, la Palabra de Dios; el eje de realidad, los desaf\u00edos que debe afrontar la familia en nuestros tiempos; el eje vocacional, que corresponde al designio de Dios sobre la familia; el eje pastoral, que implica el anuncio del Evangelio de la familia, la celebraci\u00f3n en el hogar y la proyecci\u00f3n social; el eje pedag\u00f3gico orientado a descubrir a la familia como un escenario de formaci\u00f3n integral y, especialmente, de educaci\u00f3n en la fe; el eje de acompa\u00f1amiento de la familia en las diversas \u00e9pocas de su vida, ayud\u00e1ndole a discernir las situaciones dif\u00edciles, dentro de la l\u00f3gica de la misericordia pastoral; y el eje de la espiritualidad matrimonial y familiar que tenga en cuenta el cuidado, el consuelo y el est\u00edmulo.<\/div>\n<div>\u00a0<\/div>\n<div>El embajador de Uruguay, Francisco Jos\u00e9 Ottonelli, agradeci\u00f3 la ponencia del Cardenal Salazar y anot\u00f3 que es indispensable una formaci\u00f3n m\u00e1s expl\u00edcita y sistem\u00e1tica en este campo de la familia, ojal\u00e1 propiciada por los organismos competentes de la Santa Sede. El embajador de Argentina, Rogelio Pfirter, afirm\u00f3 que este documento del Papa Francisco le da un importante fundamento \u00e9tico y espiritual a la familia; y precis\u00f3 que su pa\u00eds est\u00e1 trabajando en la l\u00ednea de fortalecer una legislaci\u00f3n que proteja a la familia.<\/div>\n<div>\u00a0<\/div>\n<div>El delegado diplom\u00e1tico de Honduras, Iv\u00e1n C\u00e9spedes, propuso que la difusi\u00f3n y profundizaci\u00f3n de la exhortaci\u00f3n se haga a trav\u00e9s de las Universidades Cat\u00f3licas y de inspiraci\u00f3n cristiana e hizo un llamado para que la Federaci\u00f3n Internacional de Universidades Cat\u00f3licas se vincularan a este proceso; adem\u00e1s, sugiri\u00f3 que el mismo CELAM promueva el an\u00e1lisis de documentos sobre la familia a nivel acad\u00e9mico.<\/div>\n<div>\u00a0<\/div>\n<div>El embajador de Venezuela, Germ\u00e1n Jos\u00e9 Mundara\u00edn Hern\u00e1ndez, manifest\u00f3 su preocupaci\u00f3n por el elevado \u00edndice de separaciones, de divorcios y de ni\u00f1os y ni\u00f1as nacidos fuera del matrimonio. Manifest\u00f3 su deseo de que este tipo de conversatorios se contin\u00faen con el cuerpo diplom\u00e1tico.<\/div>\n<div>\u00a0<\/div>\n<div>El embajador de Paraguay, Esteban Kriskovich, dio testimonio de la firmeza que tuvo el gobierno de su pa\u00eds, defendiendo la vida de un ni\u00f1o por nacer, en contra de todas las presiones que recib\u00eda la joven madre, de organizaciones locales e internacionales. Destac\u00f3 igualmente que la labor del CELAM tiene que potenciarse, siendo muy conscientes de su fortaleza continental.<\/div>\n<div>\u00a0<\/div>\n<div>El embajador de Colombia, Guillermo Le\u00f3n Escobar, expres\u00f3 que es necesario comenzar por leer la exhortaci\u00f3n y preguntarnos c\u00f3mo construimos puentes de di\u00e1logo entre las diferentes concepciones que hay sobre la familia, incluyendo tambi\u00e9n a grupos de otras denominaciones religiosas. Finalmente, afirm\u00f3 que la familia tiene un enemigo com\u00fan: ciertas personas en las Naciones Unidas. \u00a0Y, \u201csi no peleamos juntos, nos van a colgar por separado\u201d.<\/div>\n<div>\u00a0<\/div>\n<div>La embajadora de Per\u00fa, Elvira Vel\u00e1squez Rivas-Plata, destac\u00f3 el valor de la exhortaci\u00f3n como una importante contribuci\u00f3n a los debates nacionales sobre la familia; y agradeci\u00f3 el enfoque de misericordia. Esto abre caminos y l\u00edneas de trabajo en los distintos foros.<\/div>\n<div>\u00a0<\/div>\n<div>Para concluir la ronda con los diplom\u00e1ticos, el embajador de Brasil, Denis Fontes de Souza Pinto, expres\u00f3 que las grandes crisis que se presentan en nuestras sociedades son crisis \u00e9ticas, de valores, casi siempre relacionadas con el tema de la familia. Por eso, es necesario revisar los conceptos y pre-conceptos sobre la familia en los \u00e1mbitos acad\u00e9micos para visualizar el importante papel de la familia en la vida social.<\/div>\n<div>\u00a0<\/div>\n<div>Por parte de los Oficiales latinoamericanos que trabajan en organismos de la Santa Sede, intervino el P. Jos\u00e9 Guillermo Guti\u00e9rrez, sacerdote mexicano del Pontificio Consejo para la Familia, quien ofreci\u00f3 los servicios de este organismo para proporcionar una informaci\u00f3n amplia y actualizada sobre el tema de la familia; e inform\u00f3 que en el mes de noviembre de 2016 se realizar\u00e1 un encuentro con institutos sobre la Familia en Am\u00e9rica Latina y El Caribe.<\/div>\n<div>\u00a0<\/div>\n<div>Por parte de los Rectores de Colegios Latinoamericanos con sede en Roma, intervino el Padre Armando Flores Navarro, Rector del Colegio Pontificio Mexicano, quien agradeci\u00f3 al Cardenal la ponencia, destacando el liderazgo del CELAM en una visi\u00f3n contextualizada de la familia, a la luz de Amoris Laetitia.<\/div>\n<div>\u00a0<\/div>\n<div>El encuentro termin\u00f3 con brindis de honor, ofrecido por la Pontificia Comisi\u00f3n para Am\u00e9rica Latina.<\/div>\n<div>\u00a0<\/div>\n<div>Fuente: celam.org<\/div>\n<p><a href=\"http:\/\/web.hilo.org.pe\/wp-content\/uploads\/Embajadadores.jpg\" target=\"_blank\" rel=\"noopener\">Ver archivo adjunto<\/a><\/p>\n","protected":false},"excerpt":{"rendered":"<p>As? lo expresan algunos de los Embajadores de Am?rica Latina ante la Santa Sede, reunidos con la Presidencia del CELAM, para estudiar la ?ltima exhortaci?n del Papa Francisco Amoris Laetitia, la alegr?a del amor, el lunes 16 de mayo en el Auditorio de la Pontificia Comisi?n para Am?rica Latina-CAL.<\/p>\n","protected":false},"author":1,"featured_media":7930,"comment_status":"closed","ping_status":"closed","sticky":false,"template":"","format":"standard","meta":{"footnotes":""},"categories":[9],"tags":[],"class_list":["post-2789","post","type-post","status-publish","format-standard","has-post-thumbnail","hentry","category-noticias"],"_links":{"self":[{"href":"https:\/\/ceas.org.pe\/index.php\/wp-json\/wp\/v2\/posts\/2789","targetHints":{"allow":["GET"]}}],"collection":[{"href":"https:\/\/ceas.org.pe\/index.php\/wp-json\/wp\/v2\/posts"}],"about":[{"href":"https:\/\/ceas.org.pe\/index.php\/wp-json\/wp\/v2\/types\/post"}],"author":[{"embeddable":true,"href":"https:\/\/ceas.org.pe\/index.php\/wp-json\/wp\/v2\/users\/1"}],"replies":[{"embeddable":true,"href":"https:\/\/ceas.org.pe\/index.php\/wp-json\/wp\/v2\/comments?post=2789"}],"version-history":[{"count":1,"href":"https:\/\/ceas.org.pe\/index.php\/wp-json\/wp\/v2\/posts\/2789\/revisions"}],"predecessor-version":[{"id":6429,"href":"https:\/\/ceas.org.pe\/index.php\/wp-json\/wp\/v2\/posts\/2789\/revisions\/6429"}],"wp:featuredmedia":[{"embeddable":true,"href":"https:\/\/ceas.org.pe\/index.php\/wp-json\/wp\/v2\/media\/7930"}],"wp:attachment":[{"href":"https:\/\/ceas.org.pe\/index.php\/wp-json\/wp\/v2\/media?parent=2789"}],"wp:term":[{"taxonomy":"category","embeddable":true,"href":"https:\/\/ceas.org.pe\/index.php\/wp-json\/wp\/v2\/categories?post=2789"},{"taxonomy":"post_tag","embeddable":true,"href":"https:\/\/ceas.org.pe\/index.php\/wp-json\/wp\/v2\/tags?post=2789"}],"curies":[{"name":"wp","href":"https:\/\/api.w.org\/{rel}","templated":true}]}}