{"id":2788,"date":"2016-05-17T12:23:25","date_gmt":"2016-05-17T12:23:25","guid":{"rendered":""},"modified":"2026-03-11T09:12:03","modified_gmt":"2026-03-11T14:12:03","slug":"ocomo-debe-ser-un-sacerdote-segon-franciscoo","status":"publish","type":"post","link":"https:\/\/ceas.org.pe\/index.php\/2016\/05\/17\/ocomo-debe-ser-un-sacerdote-segon-franciscoo\/","title":{"rendered":"\u00f3C\u00f3mo debe ser un sacerdote seg\u00f3n Francisco\u00f3"},"content":{"rendered":"<div>Ayer por la tarde, el Papa Francisco inaugur\u00f3 en el Vaticano la 69\u00aa Asamblea General de la Conferencia Episcopal Italiana, dedicada a la \u201crenovaci\u00f3n del clero\u201d.\u00a0<\/div>\n<div>\u00a0<\/div>\n<div>El Papa record\u00f3 a los obispos que los sacerdotes no son \u201cbur\u00f3cratas\u201d o \u201can\u00f3nimos funcionarios\u201d, sino que han de tener un estilo \u201csencillo\u201d, \u201cesencial\u201d y sobre todo \u201ccre\u00edble\u201d. Adem\u00e1s, deben ser hombres de paz y de reconciliaci\u00f3n, se\u00f1al e instrumento de la ternura de Dios.\u00a0<\/div>\n<div>\u00a0<\/div>\n<div>Los sacerdotes han de estar atentos a difundir el bien con la misma pasi\u00f3n \u201ccon la que otros cuidan sus intereses\u201d, y por lo tanto deben alejarse de \u201cla mundanidad espiritual que corrompe, como tambi\u00e9n de cualquier compromiso y mezquindad\u201d, \u201clibres de una auto referencialidad que a\u00edsla y aprisiona\u201d.\u00a0<\/div>\n<div>\u00a0<\/div>\n<div>En tal sentido el Pont\u00edfice invit\u00f3 a los obispos a \u201cvoltear la perspectiva y a ponernos a la escucha del sacerdote. Acerc\u00e1ndonos, casi de puntillas, a alguno de los muchos p\u00e1rrocos que se donan en nuestras comunidades; dejemos que el rostro de uno de ellos pase ante los ojos de nuestro coraz\u00f3n, y pregunt\u00e9monos con simplicidad: \u00bfqu\u00e9 hace gustosa su vida? \u00bfPor qui\u00e9n y por qu\u00e9 cosa empe\u00f1a su servicio? \u00bfCu\u00e1l es la raz\u00f3n \u00faltima de su donarse?\u201d.\u00a0<\/div>\n<div>\u00a0<\/div>\n<div>El Papa dese\u00f3 a los obispos que estas preguntas puedan reposar dentro de ellos \u201cen el silencio, en la oraci\u00f3n tranquila, en el di\u00e1logo franco y fraternal\u201d. \u201cLas respuestas que florecer\u00e1n los ayudar\u00e1n a individuar tambi\u00e9n las propuestas formativas sobre las que invertir con coraje\u201d.<\/div>\n<div>\u00a0<\/div>\n<div>Fuente: Tomado del facebook.com\/news.va.es<\/div>\n<p><a href=\"http:\/\/web.hilo.org.pe\/wp-content\/uploads\/Sacerdote.jpg\" target=\"_blank\" rel=\"noopener\">Ver archivo adjunto<\/a><\/p>\n","protected":false},"excerpt":{"rendered":"<p>\u00a0Ayer por la tarde, el Papa Francisco inaugur\u00f3 en el Vaticano la 69\u00aa Asamblea General de la Conferencia Episcopal Italiana, dedicada a la \u201crenovaci\u00f3n del clero\u201d. \u00a0El Papa record\u00f3 a los obispos que los sacerdotes no son \u201cbur\u00f3cratas\u201d o \u201can\u00f3nimos funcionarios\u201d, sino que han de tener un estilo \u201csencillo\u201d, \u201cesencial\u201d y sobre todo \u201ccre\u00edble\u201d. Adem\u00e1s, deben ser hombres de paz y de reconciliaci\u00f3n, se\u00f1al e instrumento de la ternura de Dios.\u00a0<\/p>\n","protected":false},"author":1,"featured_media":7855,"comment_status":"closed","ping_status":"closed","sticky":false,"template":"","format":"standard","meta":{"footnotes":""},"categories":[9],"tags":[],"class_list":["post-2788","post","type-post","status-publish","format-standard","has-post-thumbnail","hentry","category-noticias"],"_links":{"self":[{"href":"https:\/\/ceas.org.pe\/index.php\/wp-json\/wp\/v2\/posts\/2788","targetHints":{"allow":["GET"]}}],"collection":[{"href":"https:\/\/ceas.org.pe\/index.php\/wp-json\/wp\/v2\/posts"}],"about":[{"href":"https:\/\/ceas.org.pe\/index.php\/wp-json\/wp\/v2\/types\/post"}],"author":[{"embeddable":true,"href":"https:\/\/ceas.org.pe\/index.php\/wp-json\/wp\/v2\/users\/1"}],"replies":[{"embeddable":true,"href":"https:\/\/ceas.org.pe\/index.php\/wp-json\/wp\/v2\/comments?post=2788"}],"version-history":[{"count":1,"href":"https:\/\/ceas.org.pe\/index.php\/wp-json\/wp\/v2\/posts\/2788\/revisions"}],"predecessor-version":[{"id":6430,"href":"https:\/\/ceas.org.pe\/index.php\/wp-json\/wp\/v2\/posts\/2788\/revisions\/6430"}],"wp:featuredmedia":[{"embeddable":true,"href":"https:\/\/ceas.org.pe\/index.php\/wp-json\/wp\/v2\/media\/7855"}],"wp:attachment":[{"href":"https:\/\/ceas.org.pe\/index.php\/wp-json\/wp\/v2\/media?parent=2788"}],"wp:term":[{"taxonomy":"category","embeddable":true,"href":"https:\/\/ceas.org.pe\/index.php\/wp-json\/wp\/v2\/categories?post=2788"},{"taxonomy":"post_tag","embeddable":true,"href":"https:\/\/ceas.org.pe\/index.php\/wp-json\/wp\/v2\/tags?post=2788"}],"curies":[{"name":"wp","href":"https:\/\/api.w.org\/{rel}","templated":true}]}}