{"id":2787,"date":"2016-05-16T10:17:29","date_gmt":"2016-05-16T10:17:29","guid":{"rendered":""},"modified":"2026-03-11T09:12:03","modified_gmt":"2026-03-11T14:12:03","slug":"santa-sede-pide-plena-ciudadanoa-para-cristianos-en-oriente-medio","status":"publish","type":"post","link":"https:\/\/ceas.org.pe\/index.php\/2016\/05\/16\/santa-sede-pide-plena-ciudadanoa-para-cristianos-en-oriente-medio\/","title":{"rendered":"Santa Sede pide plena ciudadan\u00f3a para cristianos en Oriente Medio"},"content":{"rendered":"<p>(ZENIT \u2013 Ciudad del Vaticano).- \u201cJuntos con los l\u00edderes religiosos de Oriente Medio para mejorar la promoci\u00f3n de las minor\u00edas en los Estados de mayor\u00eda musulmana\u201d. Bajo este lema se ha celebrado un encuentro en Tokio esta semana, en el que ha participado monse\u00f1or \u00c1ngel Ayuso Guixot, secretario del Pontificio Consejo para el di\u00e1logo interreligioso, en representaci\u00f3n de la Santa Sede.\u00a0<\/p>\n<div>\u00a0<\/div>\n<div>El obispo subray\u00f3 que \u201csu presencia es la demostraci\u00f3n de la que reuni\u00f3n es una excelente iniciativa para invitar a todas las partes implicadas una vez m\u00e1s a contribuir en la promoci\u00f3n de la ciudadan\u00eda y a una verdadera coexistencia para todos\u201d.<\/div>\n<div>\u00a0<\/div>\n<div>En su intervenci\u00f3n \u2013publicada por el Osservatore Romano\u2013 monse\u00f1or Ayuso record\u00f3 que muchas veces el papa Francisco ha dado voz \u201ca la atroz, inhumana e inexplicable persecuci\u00f3n\u201d de la que \u00a0\u2013sobre todo cristianos\u2013 en distintas partes del mundo \u201cson v\u00edctimas de fanatismo e intolerancia, a menudo bajo los ojos y ante el silencio del mundo entero\u201d.<\/div>\n<div>\u00a0<\/div>\n<div>El encuentro, organizado por Religions for peace (Rfp) y \u00a0United nations alliance of civilizations (Unaoc), deber\u00eda, seg\u00fan monse\u00f1or Ayuso, \u201cinvitar al respeto para todos, independientemente de la identidad religiosa\u201d comprometi\u00e9ndose \u201ca apoyar los derechos de los ciudadanos de los cristianos en Oriente Medio\u201d.<\/div>\n<div>\u00a0<\/div>\n<div>En la construcci\u00f3n de un mundo m\u00e1s fraterno \u2013observ\u00f3 el obispo\u2013 todos est\u00e1n llamados a promover la justicia. \u201cLa sed y la b\u00fasqueda de la justicia son comunes a todo tipo de persona que busca construir una sociedad m\u00e1s humana. A\u00fan as\u00ed, para nosotros creyentes, hay un terreno com\u00fan mayor sobre el que construir\u201d.<\/div>\n<div>\u00a0<\/div>\n<div>Adem\u00e1s, el secretario del dicasterio vaticano advirti\u00f3 que el rol de la religi\u00f3n en la sociedad moderna es a menudo \u201cmal entendido, no apreciado e incluso criticado como fuente de problemas y conflictos que enferman la sociedad moderna\u201d. Al contrario, la religi\u00f3n tiene un rol importante que desarrollar en el debate pol\u00edtico, precis\u00f3.<\/div>\n<div>\u00a0<\/div>\n<div>Finalmente, subray\u00f3 que la libertad religiosa est\u00e1 en el coraz\u00f3n del proyecto social y es necesaria para la justicia, que es el fundamento a la base para todas las otras libertades. El obispo precis\u00f3 la exigencia de encontrar temas sociales comunes sobre los cu\u00e1les cooperar juntos. Entre ellos, la situaci\u00f3n financiera mundial y la pobreza y su difusi\u00f3n en el mundo.<\/div>\n<div>\u00a0<\/div>\n<div>Fuente: es.zenit.org<\/div>\n<p><a href=\"http:\/\/web.hilo.org.pe\/wp-content\/uploads\/Mediooriente.jpg\" target=\"_blank\" rel=\"noopener\">Ver archivo adjunto<\/a><\/p>\n","protected":false},"excerpt":{"rendered":"<p>(ZENIT ? Ciudad del Vaticano).- ?Juntos con los l?deres religiosos de Oriente Medio para mejorar la promoci?n de las minor?as en los Estados de mayor?a musulmana?. Bajo este lema se ha celebrado un encuentro en Tokio esta semana, en el que ha participado monse?or ?ngel Ayuso Guixot, secretario del Pontificio Consejo para el di?logo interreligioso, en representaci?n de la Santa Sede.<\/p>\n","protected":false},"author":1,"featured_media":8037,"comment_status":"closed","ping_status":"closed","sticky":false,"template":"","format":"standard","meta":{"footnotes":""},"categories":[9],"tags":[],"class_list":["post-2787","post","type-post","status-publish","format-standard","has-post-thumbnail","hentry","category-noticias"],"_links":{"self":[{"href":"https:\/\/ceas.org.pe\/index.php\/wp-json\/wp\/v2\/posts\/2787","targetHints":{"allow":["GET"]}}],"collection":[{"href":"https:\/\/ceas.org.pe\/index.php\/wp-json\/wp\/v2\/posts"}],"about":[{"href":"https:\/\/ceas.org.pe\/index.php\/wp-json\/wp\/v2\/types\/post"}],"author":[{"embeddable":true,"href":"https:\/\/ceas.org.pe\/index.php\/wp-json\/wp\/v2\/users\/1"}],"replies":[{"embeddable":true,"href":"https:\/\/ceas.org.pe\/index.php\/wp-json\/wp\/v2\/comments?post=2787"}],"version-history":[{"count":1,"href":"https:\/\/ceas.org.pe\/index.php\/wp-json\/wp\/v2\/posts\/2787\/revisions"}],"predecessor-version":[{"id":6431,"href":"https:\/\/ceas.org.pe\/index.php\/wp-json\/wp\/v2\/posts\/2787\/revisions\/6431"}],"wp:featuredmedia":[{"embeddable":true,"href":"https:\/\/ceas.org.pe\/index.php\/wp-json\/wp\/v2\/media\/8037"}],"wp:attachment":[{"href":"https:\/\/ceas.org.pe\/index.php\/wp-json\/wp\/v2\/media?parent=2787"}],"wp:term":[{"taxonomy":"category","embeddable":true,"href":"https:\/\/ceas.org.pe\/index.php\/wp-json\/wp\/v2\/categories?post=2787"},{"taxonomy":"post_tag","embeddable":true,"href":"https:\/\/ceas.org.pe\/index.php\/wp-json\/wp\/v2\/tags?post=2787"}],"curies":[{"name":"wp","href":"https:\/\/api.w.org\/{rel}","templated":true}]}}