{"id":2786,"date":"2016-05-16T10:15:13","date_gmt":"2016-05-16T10:15:13","guid":{"rendered":""},"modified":"2026-03-11T09:12:03","modified_gmt":"2026-03-11T14:12:03","slug":"delegacion-del-vaticano-estaro-presente-en-olimpiadas-de-roo-2016","status":"publish","type":"post","link":"https:\/\/ceas.org.pe\/index.php\/2016\/05\/16\/delegacion-del-vaticano-estaro-presente-en-olimpiadas-de-roo-2016\/","title":{"rendered":"Delegaci\u00f3n del Vaticano estar\u00f3 presente en Olimpiadas de R\u00f3o 2016"},"content":{"rendered":"<p>VATICANO, \u00a0(ACI).- Por primera vez una peque\u00f1a delegaci\u00f3n representar\u00e1 al Vaticano en la ceremonia de inauguraci\u00f3n de unos Juegos Ol\u00edmpicos, gracias a la invitaci\u00f3n especial del comit\u00e9 organizador de los juegos que este a\u00f1o tendr\u00e1 como sede R\u00edo de Janeiro (Brasil) del 5 al 21 de agosto.<\/p>\n<div>\u00a0<\/div>\n<div>En declaraciones a la prensa, el subsecretario del Pontificio Consejo de la Cultura, Mons. Melchor S\u00e1nchez de Toca, dijo que se trata de una comitiva de car\u00e1cter institucional y no para participar en el evento deportivo. Se\u00f1al\u00f3 que la invitaci\u00f3n es fruto del v\u00ednculo reforzado en los \u00faltimos tiempos entre la Santa Sede y el Comit\u00e9 Ol\u00edmpico Internacional (COI).<\/div>\n<div>\u00a0<\/div>\n<div>\u00abEl COI ser\u00e1 uno de los patrocinadores del gran encuentro que tendr\u00e1 lugar en octubre pr\u00f3ximo en El Vaticano sobre el tema deporte y fe, y han querido, como una deferencia, invitar a una delegaci\u00f3n de tres personas a la apertura de los Juegos de R\u00edo\u00bb, explic\u00f3.<\/div>\n<div>\u00a0<\/div>\n<div>\u00a0<\/div>\n<div>Mons. S\u00e1nchez de Toca destac\u00f3 que puede existir un \u00abbeneficio rec\u00edproco muy grande\u00bb, ya que la Iglesia puede \u00abaprender mucho\u00bb del mundo del deporte y de sus valores; as\u00ed como aportar aspectos positivos al mundo deportivo que, muchas veces, \u00abse ve amenazado por din\u00e1micas extra\u00f1as\u00bb.<\/div>\n<div><strong><br \/>\n<\/strong><\/div>\n<div><strong>Juegos Paral\u00edmpicos<\/strong><\/div>\n<div>\u00a0<\/div>\n<div>Asimismo, este jueves se present\u00f3 en la Santa Sede un acuerdo entre el Comit\u00e9 Paral\u00edmpico Italiano y el Pontificio Consejo de la Cultura para que la delegaci\u00f3n italiana sea albergada en la parroquia de la Inmaculada Concepci\u00f3n de R\u00edo de Janeiro.<\/div>\n<div>\u00a0<\/div>\n<div>El proyecto se llama \u201cCasa Italia Paral\u00edmpica en Rio 2016\u201d. La parroquia Inmaculada Concepci\u00f3n fue elegida, entre otros aspectos, por su cercan\u00eda a la Sede Paral\u00edmpica (unos 6 km.), lo que facilita su acceso a los atletas que en esta XV edici\u00f3n de los Juegos Paral\u00edmpicos ser\u00e1n 4.300 en representaci\u00f3n de 180 naciones que competir\u00e1n en 22 disciplinas deportivas y en 528 eventos.<\/div>\n<div>\u00a0<\/div>\n<div>Este evento deportivo se realizar\u00e1 de 7 al 18 de septiembre en la ciudad brasile\u00f1a.<\/div>\n<div>\u00a0<\/div>\n<div>Fuente. aciprensa.com<\/div>\n<p><a href=\"http:\/\/web.hilo.org.pe\/wp-content\/uploads\/Rio2016.jpg\" target=\"_blank\" rel=\"noopener\">Ver archivo adjunto<\/a><\/p>\n","protected":false},"excerpt":{"rendered":"<p>VATICANO, (ACI).- Por primera vez una peque?a delegaci?n representar? al Vaticano en la ceremonia de inauguraci?n de unos Juegos Ol?mpicos, gracias a la invitaci?n especial del comit? organizador de los juegos que este a?o tendr? como sede R?o de Janeiro (Brasil) del 5 al 21 de agosto.<\/p>\n","protected":false},"author":1,"featured_media":7903,"comment_status":"closed","ping_status":"closed","sticky":false,"template":"","format":"standard","meta":{"footnotes":""},"categories":[9],"tags":[],"class_list":["post-2786","post","type-post","status-publish","format-standard","has-post-thumbnail","hentry","category-noticias"],"_links":{"self":[{"href":"https:\/\/ceas.org.pe\/index.php\/wp-json\/wp\/v2\/posts\/2786","targetHints":{"allow":["GET"]}}],"collection":[{"href":"https:\/\/ceas.org.pe\/index.php\/wp-json\/wp\/v2\/posts"}],"about":[{"href":"https:\/\/ceas.org.pe\/index.php\/wp-json\/wp\/v2\/types\/post"}],"author":[{"embeddable":true,"href":"https:\/\/ceas.org.pe\/index.php\/wp-json\/wp\/v2\/users\/1"}],"replies":[{"embeddable":true,"href":"https:\/\/ceas.org.pe\/index.php\/wp-json\/wp\/v2\/comments?post=2786"}],"version-history":[{"count":1,"href":"https:\/\/ceas.org.pe\/index.php\/wp-json\/wp\/v2\/posts\/2786\/revisions"}],"predecessor-version":[{"id":6432,"href":"https:\/\/ceas.org.pe\/index.php\/wp-json\/wp\/v2\/posts\/2786\/revisions\/6432"}],"wp:featuredmedia":[{"embeddable":true,"href":"https:\/\/ceas.org.pe\/index.php\/wp-json\/wp\/v2\/media\/7903"}],"wp:attachment":[{"href":"https:\/\/ceas.org.pe\/index.php\/wp-json\/wp\/v2\/media?parent=2786"}],"wp:term":[{"taxonomy":"category","embeddable":true,"href":"https:\/\/ceas.org.pe\/index.php\/wp-json\/wp\/v2\/categories?post=2786"},{"taxonomy":"post_tag","embeddable":true,"href":"https:\/\/ceas.org.pe\/index.php\/wp-json\/wp\/v2\/tags?post=2786"}],"curies":[{"name":"wp","href":"https:\/\/api.w.org\/{rel}","templated":true}]}}