{"id":2785,"date":"2016-05-13T13:45:54","date_gmt":"2016-05-13T13:45:54","guid":{"rendered":""},"modified":"2026-03-11T09:12:03","modified_gmt":"2026-03-11T14:12:03","slug":"santo-padre-nombro-nuevo-obispo-de-huonuco","status":"publish","type":"post","link":"https:\/\/ceas.org.pe\/index.php\/2016\/05\/13\/santo-padre-nombro-nuevo-obispo-de-huonuco\/","title":{"rendered":"Santo Padre nombr\u00f3 nuevo Obispo de Hu\u00f3nuco"},"content":{"rendered":"<p>La Santa Sede inform\u00f3 este jueves que el Papa Francisco nombr\u00f3 al sacerdote franciscano Neri Menor Vargas como nuevo Obispo de Hu\u00e1nuco, Di\u00f3cesis ubicada en la parte central del Per\u00fa, en reemplazo de Mons. Jaime Rodr\u00edguez Salazar, \u201ccuya renuncia al gobierno pastoral de la di\u00f3cesis fue aceptada por l\u00edmite de edad\u201d.<\/p>\n<div>\u00a0<\/div>\n<div>El Obispo electo naci\u00f3 en 1960 en Pacopampa (Per\u00fa), pronunci\u00f3 los votos solemnes en 1998 y fue ordenado sacerdote en 2000. Estudio Filosof\u00eda y Teolog\u00eda en el Instituto de Estudios Superiores Juan XXIII, de Lima.<\/div>\n<div>\u00a0<\/div>\n<div>En su ministerio pastoral ha sido, entre otros cargos, guardi\u00e1n de la Fraternidad y p\u00e1rroco, definidor provincial, secretario para la formaci\u00f3n y los estudios y maestro de los estudiantes franciscanos de Lima y Cuzco, vicario for\u00e1neo, miembro del consejo presbiteral de la Arquidi\u00f3cesis de Arequipa.<\/div>\n<div>\u00a0<\/div>\n<div>Actualmente se desempe\u00f1a como ministro provincial de la provincia franciscana \u201cLos XII Ap\u00f3stoles\u201d de Per\u00fa.<\/div>\n<div>\u00a0<\/div>\n<div>La Di\u00f3cesis de Hu\u00e1nuco tiene 986.470 habitantes, de los cuales 887.823 son cat\u00f3licos. Adem\u00e1s tiene 54 sacerdotes, 80 religiosos y religiosas y 21 di\u00e1conos permanentes. EWETN.<\/div>\n<div>\u00a0<\/div>\n<div>Fuente: perucatolico.com<\/div>\n<p><a href=\"http:\/\/web.hilo.org.pe\/wp-content\/uploads\/Nuevoobispo.jpg\" target=\"_blank\" rel=\"noopener\">Ver archivo adjunto<\/a><\/p>\n","protected":false},"excerpt":{"rendered":"<p>La Santa Sede inform? este jueves que el Papa Francisco nombr? al sacerdote franciscano Neri Menor Vargas como nuevo Obispo de Hu?nuco, Di?cesis ubicada en la parte central del Per?, en reemplazo de Mons. Jaime Rodr?guez Salazar, ?cuya renuncia al gobierno pastoral de la di?cesis fue aceptada por l?mite de edad?.<\/p>\n","protected":false},"author":1,"featured_media":7884,"comment_status":"closed","ping_status":"closed","sticky":false,"template":"","format":"standard","meta":{"footnotes":""},"categories":[9],"tags":[],"class_list":["post-2785","post","type-post","status-publish","format-standard","has-post-thumbnail","hentry","category-noticias"],"_links":{"self":[{"href":"https:\/\/ceas.org.pe\/index.php\/wp-json\/wp\/v2\/posts\/2785","targetHints":{"allow":["GET"]}}],"collection":[{"href":"https:\/\/ceas.org.pe\/index.php\/wp-json\/wp\/v2\/posts"}],"about":[{"href":"https:\/\/ceas.org.pe\/index.php\/wp-json\/wp\/v2\/types\/post"}],"author":[{"embeddable":true,"href":"https:\/\/ceas.org.pe\/index.php\/wp-json\/wp\/v2\/users\/1"}],"replies":[{"embeddable":true,"href":"https:\/\/ceas.org.pe\/index.php\/wp-json\/wp\/v2\/comments?post=2785"}],"version-history":[{"count":1,"href":"https:\/\/ceas.org.pe\/index.php\/wp-json\/wp\/v2\/posts\/2785\/revisions"}],"predecessor-version":[{"id":6433,"href":"https:\/\/ceas.org.pe\/index.php\/wp-json\/wp\/v2\/posts\/2785\/revisions\/6433"}],"wp:featuredmedia":[{"embeddable":true,"href":"https:\/\/ceas.org.pe\/index.php\/wp-json\/wp\/v2\/media\/7884"}],"wp:attachment":[{"href":"https:\/\/ceas.org.pe\/index.php\/wp-json\/wp\/v2\/media?parent=2785"}],"wp:term":[{"taxonomy":"category","embeddable":true,"href":"https:\/\/ceas.org.pe\/index.php\/wp-json\/wp\/v2\/categories?post=2785"},{"taxonomy":"post_tag","embeddable":true,"href":"https:\/\/ceas.org.pe\/index.php\/wp-json\/wp\/v2\/tags?post=2785"}],"curies":[{"name":"wp","href":"https:\/\/api.w.org\/{rel}","templated":true}]}}