{"id":2784,"date":"2016-05-13T12:48:01","date_gmt":"2016-05-13T12:48:01","guid":{"rendered":""},"modified":"2026-03-11T09:12:03","modified_gmt":"2026-03-11T14:12:03","slug":"francisco-asegura-que-la-lucha-contra-la-pobreza-es-un-problema-moral","status":"publish","type":"post","link":"https:\/\/ceas.org.pe\/index.php\/2016\/05\/13\/francisco-asegura-que-la-lucha-contra-la-pobreza-es-un-problema-moral\/","title":{"rendered":"Francisco asegura que la lucha contra la pobreza es \u00abun problema moral\u00bb"},"content":{"rendered":"<p>(ZENIT \u2013 Ciudad del Vaticano).- La crisis de los refugiados, cuyas proporciones crecen cada d\u00eda, es particularmente sentida por el Papa. En su reciente visita a la isla griega de Lesbos, fue testigo de desgarradoras experiencias de sufrimiento humano, especialmente de familias y ni\u00f1os. As\u00ed lo ha asegurado \u00e9l mismo en su encuentro de hoy viernes, con los participantes de la Conferencia Internacional promovida por la Fundaci\u00f3n Centesimus Annus \u2013 Pro Pontifice sobre el tema \u201cLa iniciativa empresarial en la lucha contra la pobreza. Emergencia refugiados, nuestro desaf\u00edo\u201d.<\/p>\n<div>\u00a0<\/div>\n<div>El Santo Padre ha dado las gracias por la prontitud, capacidad y experiencia de su aporte a la discusi\u00f3n sobre estas delicadas cuestiones humanitarias y sobre las obligaciones que estas conllevan.<\/div>\n<div>\u00a0<\/div>\n<div>\u201cM\u00e1s all\u00e1 del aspecto inmediato y pr\u00e1ctico de dar ayuda material a estos nuestros hermanos y hermanas, la comunidad internacional est\u00e1 llamada a dar respuestas pol\u00edticas, sociales y econ\u00f3micas a largo plazo a problem\u00e1ticas que superan las fronteras nacionales y continentales y afectan a toda la familia humana\u201d, ha asegurado el Santo Padre.<\/div>\n<div>\u00a0<\/div>\n<div>De este modo, ha subrayado que la lucha contra la pobreza \u201cno es solamente un problema econ\u00f3mico\u201d, sino sobre todo \u201cun problema moral\u201d, que llama a la solidaridad y al desarrollo de una actitud m\u00e1s igualitaria en lo relacionado con las necesidades y las aspiraciones de los individuos y de los pueblos de todo el mundo.<\/div>\n<div>\u00a0<\/div>\n<div>Tal y como ha reconocido Francisco, esta Conferencia explora desde distintos puntos de vista las implicaciones pr\u00e1cticas y \u00e9ticas de la actual econom\u00eda mundial, mientras que al mismo tiempo trata de sentar las bases para una cultura econ\u00f3mica de los negocios que sea inclusiva y respetuosa con la dignidad humana.<\/div>\n<div>\u00a0<\/div>\n<div>Por otro lado, el Pont\u00edfice ha explicado que una visi\u00f3n econ\u00f3mica exclusivamente orientada al beneficio y al bienestar material es \u201cincapaz de contribuir de forma positiva a una globalizaci\u00f3n que favorezca al desarrollo integral de los pueblos en el mundo, una justa distribuci\u00f3n de los recursos, la garant\u00eda del trabajo digno y el crecimiento de la iniciativa privada de las empresas locales\u201d.<\/div>\n<div>\u00a0<\/div>\n<div>En esta l\u00ednea, ha advertido que una econom\u00eda de la exclusi\u00f3n ha provocado un gran n\u00famero de personas descartadas. Y esto se ve en las sociedades m\u00e1s desarrolladas, donde el crecimiento del porcentaje de pobreza y la decadencia social \u201crepresentan una seria amenaza para las familias, para la clase media que se disminuye y, de forma particular, para los j\u00f3venes\u201d. Al respecto ha aseverado que la tasa de desempleo juvenil \u201ces un esc\u00e1ndalo\u201d que tiene que ser afrontado \u201ccomo una enfermedad social\u201d.<\/div>\n<div>\u00a0<\/div>\n<div>Por todo ello, el Santo Padre ha manifestado su esperanza en que esta Conferencia pueda contribuir a generar \u201cnuevos modelos de progreso econ\u00f3mico\u201d m\u00e1s directamente orientados al bien com\u00fan, a la inclusi\u00f3n y al desarrollo integral, al incremento del trabajo y a la inversi\u00f3n en recursos humanos.<\/div>\n<div>\u00a0<\/div>\n<div>Al finalizar su discurso, el Santo Padre ha recordado a los presentes que su vocaci\u00f3n est\u00e1 \u201cal servicio de la dignidad humana y de la construcci\u00f3n de un mundo de aut\u00e9ntica solidaridad\u201d.<\/div>\n<div>\u00a0<\/div>\n<div>Fuente: es.zenit.org<\/div>\n<p><a href=\"http:\/\/web.hilo.org.pe\/wp-content\/uploads\/Lucha pobreza.jpg\" target=\"_blank\" rel=\"noopener\">Ver archivo adjunto<\/a><\/p>\n","protected":false},"excerpt":{"rendered":"<p>(ZENIT ? Ciudad del Vaticano).- La crisis de los refugiados, cuyas proporciones crecen cada d?a, es particularmente sentida por el Papa. En su reciente visita a la isla griega de Lesbos, fue testigo de desgarradoras experiencias de sufrimiento humano, especialmente de familias y ni?os.<\/p>\n","protected":false},"author":1,"featured_media":7855,"comment_status":"closed","ping_status":"closed","sticky":false,"template":"","format":"standard","meta":{"footnotes":""},"categories":[9],"tags":[],"class_list":["post-2784","post","type-post","status-publish","format-standard","has-post-thumbnail","hentry","category-noticias"],"_links":{"self":[{"href":"https:\/\/ceas.org.pe\/index.php\/wp-json\/wp\/v2\/posts\/2784","targetHints":{"allow":["GET"]}}],"collection":[{"href":"https:\/\/ceas.org.pe\/index.php\/wp-json\/wp\/v2\/posts"}],"about":[{"href":"https:\/\/ceas.org.pe\/index.php\/wp-json\/wp\/v2\/types\/post"}],"author":[{"embeddable":true,"href":"https:\/\/ceas.org.pe\/index.php\/wp-json\/wp\/v2\/users\/1"}],"replies":[{"embeddable":true,"href":"https:\/\/ceas.org.pe\/index.php\/wp-json\/wp\/v2\/comments?post=2784"}],"version-history":[{"count":1,"href":"https:\/\/ceas.org.pe\/index.php\/wp-json\/wp\/v2\/posts\/2784\/revisions"}],"predecessor-version":[{"id":6434,"href":"https:\/\/ceas.org.pe\/index.php\/wp-json\/wp\/v2\/posts\/2784\/revisions\/6434"}],"wp:featuredmedia":[{"embeddable":true,"href":"https:\/\/ceas.org.pe\/index.php\/wp-json\/wp\/v2\/media\/7855"}],"wp:attachment":[{"href":"https:\/\/ceas.org.pe\/index.php\/wp-json\/wp\/v2\/media?parent=2784"}],"wp:term":[{"taxonomy":"category","embeddable":true,"href":"https:\/\/ceas.org.pe\/index.php\/wp-json\/wp\/v2\/categories?post=2784"},{"taxonomy":"post_tag","embeddable":true,"href":"https:\/\/ceas.org.pe\/index.php\/wp-json\/wp\/v2\/tags?post=2784"}],"curies":[{"name":"wp","href":"https:\/\/api.w.org\/{rel}","templated":true}]}}