{"id":2783,"date":"2016-05-13T10:37:02","date_gmt":"2016-05-13T10:37:02","guid":{"rendered":""},"modified":"2026-03-11T09:12:03","modified_gmt":"2026-03-11T14:12:03","slug":"amoris-laetitia-la-misericordia-abriendo-puertas","status":"publish","type":"post","link":"https:\/\/ceas.org.pe\/index.php\/2016\/05\/13\/amoris-laetitia-la-misericordia-abriendo-puertas\/","title":{"rendered":"Amoris Laetitia: La misericordia abriendo puertas"},"content":{"rendered":"<p>La exhortaci\u00f3n apost\u00f3lica postsinodal Amoris Laetitia fue presentada este 8 de abril por los cardenales Lorenzo Baldisseri (secretario General del S\u00ednodo de los Obispos) y Christoph Sch\u00f6nborn, O.P. (Arzobispo de Viena) en la Sala Juan Pablo II de la Oficina de Prensa de la Santa Sede.<\/p>\n<div>\u00a0<\/div>\n<div>Hasta el momento muchas opiniones se han vertido acerca de este documento, desde las m\u00e1s entusiastas respecto a su apertura hasta las m\u00e1s pesimistas que afirman que el papa no ha dicho nada nuevo. Sin embargo, creo que la exhortaci\u00f3n debe ser le\u00edda con misericordia y como pide el mismo Francisco \u201cno recomiendo una lectura general apresurada\u201d (AL7) es necesario que se haga una lectura paciente y profunda, parte por parte para ser mejor aprovechada.<\/div>\n<div>\u00a0<\/div>\n<div>La exhortaci\u00f3n es un ejemplo &#8211; como afirma el Cardenal Sch\u00f6nborn- \u00a0de \u201cdesarrollo org\u00e1nico de la doctrina\u201d \u201chay innovaci\u00f3n y continuidad\u201d. Continuidad porque el papa no ha cambiado la doctrina sobre la familia solo la ha profundizado, innovaci\u00f3n porque ha abierto la puerta para dialogar sobre cuestiones como \u201clas parejas de hecho, la homosexualidad y los divorciados vueltos a casar civilmente\u201d, hechos que estaban considerados cerrados para la discusi\u00f3n. Otro punto de innovaci\u00f3n es la insistencia respecto a los cambios \u00a0a nivel pastoral, en este sentido el Papa es categ\u00f3rico desde el comienzo \u201cquiero reafirmar que no todas las discusiones doctrinales, morales o pastorales deben ser resueltas con intervenciones magisteriales\u201d y continua \u201cen la Iglesia es necesaria una unidad de doctrina y de praxis, pero ello no impide que subsistan diferentes maneras de interpretar algunos aspectos de la doctrina o algunas consecuencias que se derivan de ella\u201d (AL3)<\/div>\n<div><strong>\u00a0<\/strong><\/div>\n<div><strong>Acompa\u00f1ar con misericordia<\/strong><\/div>\n<div>\u00a0<\/div>\n<div>El Papa nos recuerda que la Palabra de Dios es \u201ccomo una compa\u00f1era de viaje tambi\u00e9n para las familias que est\u00e1n en crisis o en medio de alg\u00fan dolor\u201d (AL22). Basados en ello la Iglesia \u00a0debe ser compa\u00f1era eficaz de las familias en todas las circunstancias que estas viven.<\/div>\n<div>\u00a0<\/div>\n<div>Francisco hace una autocr\u00edtica respecto al acompa\u00f1amiento que ha hecho la Iglesia a las familias en tiempos tan dif\u00edciles \u201cdurante mucho tiempo cre\u00edmos que con s\u00f3lo insistir en cuestiones doctrinales, bio\u00e9ticas y morales, sin motivar la apertura a la gracia, ya sosten\u00edamos suficientemente a las familias\u2026\u201d (37). Adem\u00e1s la Iglesia no ha sabido mostrar a la familia como testigos de la \u201calegr\u00eda del amor\u201d m\u00e1s que como \u201cun peso que soportar toda la vida\u201d.<\/div>\n<div>\u00a0<\/div>\n<div>El Papa insiste en una pastoral del v\u00ednculo y en una pedagog\u00eda del amor, debe ser una pastoral familiar \u201cfundamentalmente misionera, en salida, en cercan\u00eda, en lugar de reducirse a ser una f\u00e1brica de cursos a los que pocos asisten\u201d (230).<\/div>\n<div>\u00a0<\/div>\n<div>Es deber de la Iglesia acompa\u00f1ar preferencialmente a las familias que pasan crisis o que sufren dolor, \u201c\u2026acompa\u00f1ar con atenci\u00f3n y cuidado a sus hijos m\u00e1s fr\u00e1giles, marcados por el amor herido y extraviado, d\u00e1ndoles de nuevo confianza y esperanza\u2026\u201d (291).<\/div>\n<div>\u00a0<\/div>\n<div>Este acompa\u00f1amiento de la Iglesia a la familia debe aspirar a una \u201cverdadera conversi\u00f3n misionera\u201d (201) donde se muestre al mundo que el Evangelio de la familia es la transmisi\u00f3n dela amor y la alegr\u00eda que \u201cllena el coraz\u00f3n y la vida entera\u201d.<\/div>\n<div>\u00a0<\/div>\n<div><strong>Discernir con misericordia<\/strong><\/div>\n<div>\u00a0<\/div>\n<div>Francisco llama a un saludable y responsable discernimiento personal y pastoral en las cuestionas que est\u00e1n en di\u00e1logo. El Papa pide que no olvidemos que la Iglesia \u201cest\u00e1 llamada a formar consciencias, pero no a pretender sustituirlas\u201d (37). \u00a0Los pastores deben acompa\u00f1ar el discernimiento de las personas, recordando que cada caso implica un discernimiento diferente de acuerdo a la situaci\u00f3n concreta que se vive, por eso, dice Francisco \u201cno se pod\u00eda esperar de este S\u00ednodo ni de esta exhortaci\u00f3n, una nueva normativa general de tipo can\u00f3nica, aplicable para todos los casos\u201d (300)<\/div>\n<div>\u00a0<\/div>\n<div>Pide que se discierna \u201ccu\u00e1les de las diversas formas de exclusi\u00f3n actualmente practicadas en el \u00e1mbito lit\u00fargico, pastoral, educativo e institucional puedan ser superadas\u201d (299). El Papa insiste que no es suficiente verificar que una persona cumpli\u00f3 o no con una norma general, hay que ir a lo concreto, a la situaci\u00f3n personal. \u201cUn pastor no puede sentirse satisfecho s\u00f3lo aplicando leyes morales a quienes viven en situaciones \u201cirregulares\u201d, como si fueran rocas que se lanzan sobre la vida de las personas\u201d (305).<\/div>\n<div>\u00a0<\/div>\n<div>El discernimiento pastoral debe ser hecho con misericordia que se incline a comprender, perdonar, acompa\u00f1ar, a esperar y sobre todo a integrar. El Papa insiste en que \u201chay que evitar juicios que no toman en cuenta la complejidad de las diversas situaciones, y hay que estar atentos al modo en que las personas viven y sufren a causa de su condici\u00f3n\u201d (296),<\/div>\n<div>La Iglesia debe, a ejemplo de Jes\u00fas, hacer una mirada misericordiosa, con amor y paciencia, sin falsos juzgamientos, con disposici\u00f3n al perd\u00f3n \u201ca cuantos viven en las m\u00e1s contradictorias periferias existenciales\u2019\u201d (312) porque \u201cla caridad verdadera siempre es inmerecida, incondicional y gratuita\u201d (296)<\/div>\n<div>\u00a0<\/div>\n<div><strong>Integrar con misericordia<\/strong><\/div>\n<div>\u00a0<\/div>\n<div>La exhortaci\u00f3n promueve a \u201cser bienvenidos\u201d todos aquellos que se han sentido alejados o excluidos de alguna manera por la Iglesia. El Papa anima a que todos sean integrados, la iglesia debe ayudar a cada uno a encontrar su propia manera de participar en la comunidad, para ser sujeto y objeto de misericordia.<\/div>\n<div>\u00a0<\/div>\n<div>Las parejas que viven en uniones de hecho deben ser integradas a la comunidad de maneras creativas y en espacios diversos para acompa\u00f1arlas si es posible hasta el momento del matrimonio. Acompa\u00f1ar a las familias que tienen hijos homosexuales, es categ\u00f3rico al afirmar que \u201ctoda persona, independientemente de su tendencia sexual, ha de ser respetada en su dignidad y acogida con respeto, procurando evitar todo signo de discriminaci\u00f3n injusta\u201d y que las personas con esta tendencia \u201cpuedan contar con la ayuda necesaria para comprender y realizar plenamente la voluntad de Dios en su vida\u201d.<\/div>\n<div>Respecto a las parejas divorciadas vueltas a casar insiste en que deben ser revisados los casos concretos y debe realizarse un discernimiento pastoral misericordioso, incluso muchas veces puede necesitar el \u201cauxilio de los sacramentos\u201d (nota 351) porque se tiene que considerar que \u201cel grado de responsabilidad no es igual en todos los casos\u201d (300) por lo tanto \u201clas consecuencias o efectos de una norma no necesariamente deben ser siempre las mismas\u201d (300).<\/div>\n<div>\u00a0<\/div>\n<div>La l\u00f3gica de la iglesia es la l\u00f3gica de la integraci\u00f3n, \u201cNadie puede ser condenado para siempre, porque esa no es la l\u00f3gica del Evangelio. No me refiero s\u00f3lo a los divorciados en nueva uni\u00f3n sino a todos, en cualquier situaci\u00f3n en que se encuentren\u201d (297).<\/div>\n<div>\u00a0<\/div>\n<div><strong>A modo de conclusi\u00f3n<\/strong><\/div>\n<div>\u00a0<\/div>\n<div>La ense\u00f1anza sobre el matrimonio y la familia que propone el Papa debe inspirarse en el anuncio del amor y la ternura \u201cpara no convertirse en una mera defensa de una doctrina fr\u00eda y sin vida\u201d. La doctrina de la Iglesia debe basarse siempre en la luz sanadora del Evangelio que -como dice el Papa \u2013 \u201calgunos quieren \u201cadoctrinarlo, convertirlo en \u201cpiezas muertas para lanzarlas contra los dem\u00e1s\u201d (49).<\/div>\n<div>\u00a0<\/div>\n<div>La insistencia de Francisco es recordar que la Iglesia est\u00e1 para sanar, no para condenar por eso pide a los pastores que adem\u00e1s de la ense\u00f1anza de la doctrina tambi\u00e9n ayuden a las personas a \u201casumir la l\u00f3gica de la compasi\u00f3n con los fr\u00e1giles y a evitar persecuciones o juicios demasiado duros o impacientes\u201d (308) ya que el mismo Evangelio nos reclama que no juzguemos ni condenemos.<\/div>\n<div>\u00a0<\/div>\n<div>Finalmente, Francisco insiste en que no vaciemos a la misericordia de su \u201csentido concreto y significaci\u00f3n real\u201d poni\u00e9ndole tantas condiciones y que dejemos de comportarnos como \u201ccontroladores de la gracia\u201d y seamos m\u00e1s bien \u201cfacilitadores\u201d de la misma. Como hermanos que abrimos la puerta a todo aquel que la encuentra cerrada, al ejemplo de Jes\u00fas que en su tiempo \u201cabri\u00f3 el reino de Dios\u201d para todos aquellos a los que se les hab\u00eda cerrado \u201cpor la fuerza de la ley\u201d. Nos anima a presentar el amor de Dios, como es, con una profundidad sin l\u00edmites, siempre dispuesto a recibir a todos, pero adem\u00e1s de una prioridad inconfundible por la debilidad y vulnerabilidad humanas en todos los aspectos de la vida. (Por Jeshira Castro, profesora de la Universidad Cat\u00f3lica de Santa Mar\u00eda)<\/div>\n<div>\u00a0<\/div>\n<div>Publicado en la Revista Signos \u2013 IBC<\/div>\n<div>\u00a0<\/div>\n<p><a href=\"http:\/\/web.hilo.org.pe\/wp-content\/uploads\/Amoris Laetitia.jpg\" target=\"_blank\" rel=\"noopener\">Ver archivo adjunto<\/a><\/p>\n","protected":false},"excerpt":{"rendered":"<p>La exhortaci?n apost?lica postsinodal Amoris Laetitia fue presentada este 8 de abril por los cardenales Lorenzo Baldisseri (secretario General del S?nodo de los Obispos) y Christoph Sch?nborn, O.P. (Arzobispo de Viena) en la Sala Juan Pablo II de la Oficina de Prensa de la Santa Sede.<\/p>\n","protected":false},"author":1,"featured_media":8097,"comment_status":"closed","ping_status":"closed","sticky":false,"template":"","format":"standard","meta":{"footnotes":""},"categories":[9],"tags":[],"class_list":["post-2783","post","type-post","status-publish","format-standard","has-post-thumbnail","hentry","category-noticias"],"_links":{"self":[{"href":"https:\/\/ceas.org.pe\/index.php\/wp-json\/wp\/v2\/posts\/2783","targetHints":{"allow":["GET"]}}],"collection":[{"href":"https:\/\/ceas.org.pe\/index.php\/wp-json\/wp\/v2\/posts"}],"about":[{"href":"https:\/\/ceas.org.pe\/index.php\/wp-json\/wp\/v2\/types\/post"}],"author":[{"embeddable":true,"href":"https:\/\/ceas.org.pe\/index.php\/wp-json\/wp\/v2\/users\/1"}],"replies":[{"embeddable":true,"href":"https:\/\/ceas.org.pe\/index.php\/wp-json\/wp\/v2\/comments?post=2783"}],"version-history":[{"count":1,"href":"https:\/\/ceas.org.pe\/index.php\/wp-json\/wp\/v2\/posts\/2783\/revisions"}],"predecessor-version":[{"id":6435,"href":"https:\/\/ceas.org.pe\/index.php\/wp-json\/wp\/v2\/posts\/2783\/revisions\/6435"}],"wp:featuredmedia":[{"embeddable":true,"href":"https:\/\/ceas.org.pe\/index.php\/wp-json\/wp\/v2\/media\/8097"}],"wp:attachment":[{"href":"https:\/\/ceas.org.pe\/index.php\/wp-json\/wp\/v2\/media?parent=2783"}],"wp:term":[{"taxonomy":"category","embeddable":true,"href":"https:\/\/ceas.org.pe\/index.php\/wp-json\/wp\/v2\/categories?post=2783"},{"taxonomy":"post_tag","embeddable":true,"href":"https:\/\/ceas.org.pe\/index.php\/wp-json\/wp\/v2\/tags?post=2783"}],"curies":[{"name":"wp","href":"https:\/\/api.w.org\/{rel}","templated":true}]}}