{"id":2782,"date":"2016-05-12T19:57:03","date_gmt":"2016-05-12T19:57:03","guid":{"rendered":""},"modified":"2026-03-11T09:12:03","modified_gmt":"2026-03-11T14:12:03","slug":"instituto-para-las-obras-de-religion-de-la-santa-sede-continoa-su-labor-por-la-transparencia","status":"publish","type":"post","link":"https:\/\/ceas.org.pe\/index.php\/2016\/05\/12\/instituto-para-las-obras-de-religion-de-la-santa-sede-continoa-su-labor-por-la-transparencia\/","title":{"rendered":"Instituto para las Obras de Religi\u00f3n de la Santa Sede contin\u00f3a su labor por la transparencia"},"content":{"rendered":"<p>(ZENIT \u2013 Ciudad del Vaticano).- El Instituto para las Obras de Religi\u00f3n de la Santa Sede, m\u00e1s conocido como el IOR, prosigue su misi\u00f3n para asistir al Papa en su misi\u00f3n de pastor universal de la Iglesia. As\u00ed lo asegura el comunicado sobre el Informe Anual del 2015, publicado esta ma\u00f1ana. El a\u00f1o pasado, el IOR obtuvo un \u00fatil neto de 16\u20191 millones de euros. Adem\u00e1s se ha concluido la revisi\u00f3n de las cuentas con el cierre de 4935 cuentas al d\u00eda 31 de diciembre de 2015.<\/p>\n<div>\u00a0<\/div>\n<div>En el documento se explica que durante la visita al Instituto del 24 noviembre pasado, el Pont\u00edfice pidi\u00f3 que el IOR dirija su actividad respetando \u201clos principios \u00e9ticos que no son negociables para la Iglesia, la Santa Sede y el Papa\u201d. Adem\u00e1s, afirm\u00f3 que la actividad debe respetar \u201cla especificidad de la naturaleza\u201d del Instituto armonizando \u201cla eficacia operativa y la naturaleza pastoral esencial de todas las acciones\u201d.<\/div>\n<div>\u00a0<\/div>\n<div>El Informe 2015 revela que el \u00fatil neto llega a 16\u20191 millones de euros. El resultado operativo del IOR del a\u00f1o pasado es de 42\u20198 millones de euros frente a los 104\u20195 millones de 2014. Este dato, seg\u00fan indica el comunicado, refleja positivamente la estrategia de inversi\u00f3n que comenz\u00f3 a finales de 2014 para hacer m\u00e1s seguro la cartera de propiedad del IOR.<\/div>\n<div>\u00a0<\/div>\n<div>El resultado se ha alcanzado a pesar de la volatilidad y las incertidumbres del mercado financiero que se que se han sentido de forma particular en el segundo semestre de 2015. \u00a0En fecha del 31 de diciembre, el patrimonio del Instituto es por tanto de 654 millones de euros.<\/div>\n<div>\u00a0<\/div>\n<div>Entre junio de 2013 y diciembre de 2015 se han cerrado 4935 cuentas, con cumplimiento efectivo del \u201cprofundo proceso de saneamiento de las cuentas pasadas. Los procedimientos en vigor son diligentemente aplicados a todos los nuevos clientes y relativas actividades\u201d.<\/div>\n<div>\u00a0<\/div>\n<div>Actualmente, los clientes del IOR son casi 15 mil y son representantes de la Santa Sede y de los relativos entes, \u00f3rdenes religiosas, otras instituciones cat\u00f3licas, miembros del clero, trabajadores de la Santa Sede y miembros acreditados del Cuerpo diplom\u00e1tico. En total, el 75 por ciento de los clientes del IOR tiene sede en Italia y el Vaticano, el 15 por ciento en Europa y el 10 por ciento en el resto del mundo.<\/div>\n<div>\u00a0<\/div>\n<div>En el comunicado explican que las informaciones y las comunicaciones a los clientes han aumentado y mejorado, as\u00ed \u201cm\u00e1s de 1500 clientes han participado\u201d en uno de los seminarios organizados trimestralmente en la sede del Instituto.<\/div>\n<div>\u00a0<\/div>\n<div>El Informe evidencia los pasos para adecuar las actividades del IOR a los reglamentos internacionales. De forma particular, se hace referencia al reglamento prudencial emitido por la AIF, Autoridad de Informaci\u00f3n Financiera. Por eso, se recuerda que han sido firmados acuerdos fiscales internacionales para reforzar la transparencia.<\/div>\n<div>\u00a0<\/div>\n<div>Fuente: es.zenit.org<\/div>\n<p><a href=\"http:\/\/web.hilo.org.pe\/wp-content\/uploads\/Instituto.png\" target=\"_blank\" rel=\"noopener\">Ver archivo adjunto<\/a><\/p>\n","protected":false},"excerpt":{"rendered":"<p>(ZENIT ? Ciudad del Vaticano).- El Instituto para las Obras de Religi?n de la Santa Sede, m?s conocido como el IOR, prosigue su misi?n para asistir al Papa en su misi?n de pastor universal de la Iglesia.<\/p>\n","protected":false},"author":1,"featured_media":8037,"comment_status":"closed","ping_status":"closed","sticky":false,"template":"","format":"standard","meta":{"footnotes":""},"categories":[9],"tags":[],"class_list":["post-2782","post","type-post","status-publish","format-standard","has-post-thumbnail","hentry","category-noticias"],"_links":{"self":[{"href":"https:\/\/ceas.org.pe\/index.php\/wp-json\/wp\/v2\/posts\/2782","targetHints":{"allow":["GET"]}}],"collection":[{"href":"https:\/\/ceas.org.pe\/index.php\/wp-json\/wp\/v2\/posts"}],"about":[{"href":"https:\/\/ceas.org.pe\/index.php\/wp-json\/wp\/v2\/types\/post"}],"author":[{"embeddable":true,"href":"https:\/\/ceas.org.pe\/index.php\/wp-json\/wp\/v2\/users\/1"}],"replies":[{"embeddable":true,"href":"https:\/\/ceas.org.pe\/index.php\/wp-json\/wp\/v2\/comments?post=2782"}],"version-history":[{"count":1,"href":"https:\/\/ceas.org.pe\/index.php\/wp-json\/wp\/v2\/posts\/2782\/revisions"}],"predecessor-version":[{"id":6436,"href":"https:\/\/ceas.org.pe\/index.php\/wp-json\/wp\/v2\/posts\/2782\/revisions\/6436"}],"wp:featuredmedia":[{"embeddable":true,"href":"https:\/\/ceas.org.pe\/index.php\/wp-json\/wp\/v2\/media\/8037"}],"wp:attachment":[{"href":"https:\/\/ceas.org.pe\/index.php\/wp-json\/wp\/v2\/media?parent=2782"}],"wp:term":[{"taxonomy":"category","embeddable":true,"href":"https:\/\/ceas.org.pe\/index.php\/wp-json\/wp\/v2\/categories?post=2782"},{"taxonomy":"post_tag","embeddable":true,"href":"https:\/\/ceas.org.pe\/index.php\/wp-json\/wp\/v2\/tags?post=2782"}],"curies":[{"name":"wp","href":"https:\/\/api.w.org\/{rel}","templated":true}]}}