{"id":2781,"date":"2016-05-11T11:34:43","date_gmt":"2016-05-11T11:34:43","guid":{"rendered":""},"modified":"2026-03-11T09:12:03","modified_gmt":"2026-03-11T14:12:03","slug":"francisco-manda-mensaje-a-los-jovenes-insatisfechos-del-mundo","status":"publish","type":"post","link":"https:\/\/ceas.org.pe\/index.php\/2016\/05\/11\/francisco-manda-mensaje-a-los-jovenes-insatisfechos-del-mundo\/","title":{"rendered":"Francisco manda mensaje a los j\u00f3venes insatisfechos del mundo"},"content":{"rendered":"<p>VATICANO, (ACI).- En la Misa que celebr\u00f3 en la capilla de la Casa Santa Marta, el Papa Francisco lanz\u00f3 un mensaje para los j\u00f3venes: \u201cQuerr\u00eda decir a los chicos y a las chicas de hoy que no se sienten a gusto \u2013\u2018no son tan felices por esta cultura del consumismo, del narcisismo\u2026\u2019: \u00a1Miren el horizonte! Miren all\u00ed, \u00a1miren a nuestros misioneros!\u201d.<\/p>\n<div>\u00a0<\/div>\n<div>En la homil\u00eda que pronunci\u00f3, el Pont\u00edfice pidi\u00f3 dar gracias por los misioneros que tiene la Iglesia y anim\u00f3 a los j\u00f3venes a dar su vida por el Evangelio, hasta \u201cquemarla\u201d si hiciera falta por amor a los dem\u00e1s.<\/div>\n<div>\u00a0<\/div>\n<div>\u201cOren al Esp\u00edritu Santo para que les de fuerzas para ir lejos, a \u2018quemar\u2019 la vida. Es una palabra un poco dura, pero la vida vale la pena vivirla. Pero para vivirla bien, \u2018quemarla\u2019 en el servicio, en el anuncio, e ir adelante. Y esta es la alegr\u00eda del anuncio del Evangelio\u201d, pidi\u00f3.<\/div>\n<div>\u00a0<\/div>\n<div>El Papa destac\u00f3 que una cualidad del misionero es la \u201cdocilidad\u201d y pidi\u00f3 que \u201cm\u00e1s que las insatisfacciones\u201d que atrapan \u201ca nuestros j\u00f3venes de hoy\u201d la voz del Esp\u00edritu Santo \u00ables lleve a ir m\u00e1s all\u00e1, a \u2018quemar\u2019 la vida por las causas nobles\u201d.<\/div>\n<div>\u00a0<\/div>\n<div>\u00a0<\/div>\n<div>Francisco expuso que la llamada de Dios a evangelizar \u201cquema\u201d y provoca que \u201cmuchos j\u00f3venes, chicos y chicas, hayan dejado la patria, la familia y se vayan lejos, a otros continentes a anunciar a Jesucristo\u201d.<\/div>\n<div>\u00a0<\/div>\n<div>Despu\u00e9s, reflexion\u00f3 sobre la lectura de la liturgia del d\u00eda de los Hechos de los Ap\u00f3stoles que cuenta la despedida de Pablo a la comunidad de Mileto. \u201cCreo que este pasaje evoca la vida de nuestros misioneros\u201d, se\u00f1al\u00f3.<\/div>\n<div>\u00a0<\/div>\n<div>\u201cIban fortalecidos por el Esp\u00edritu Santo: \u00a1una vocaci\u00f3n!\u201d. \u201cY cuando, en esos lugares, vamos a los cementerios, vemos sus l\u00e1pidas: muchos han muerto j\u00f3venes, con menos de 40 a\u00f1os. Porque las enfermedades del lugar no estaban preparados para soportarlas. Han dado la vida j\u00f3venes: han \u2018quemado\u2019 la vida\u201d.<\/div>\n<div>\u00a0<\/div>\n<div>\u201cPienso que ellos, en ese \u00faltimo momento, lejos de su patria, de sus familias, de sus seres queridos, habr\u00e1n dicho: \u2018\u00a1Ha valido la pena todo lo que he hecho!\u2019\u201d.<\/div>\n<div>\u00a0<\/div>\n<div>Despu\u00e9s a\u00f1adi\u00f3: \u201cEl misionero va sin saber qu\u00e9 lo espera\u201d. \u201cSabe que no ser\u00e1 f\u00e1cil la vida, pero va adelante\u201d.<\/div>\n<div>\u00a0<\/div>\n<div>\u201cNuestros misioneros son h\u00e9roes de la evangelizaci\u00f3n de nuestro tiempo\u201d, subray\u00f3. \u201cEuropa, que ha llenado de misioneros otros continentes\u2026 Y estos se iban sin volver\u2026 Creo que es justo que le demos gracias a Dios por su testimonio. Es justo que nos alegremos de tener estos misioneros, que son verdaderos testimonios\u201d.<\/div>\n<div>\u00a0<\/div>\n<div>\u201cPienso c\u00f3mo habr\u00e1 sido su \u00faltimo momento: \u00bfC\u00f3mo habr\u00e1 sido su despedida?\u201d, se pregunt\u00f3 de nuevo. \u201cAn\u00f3nimos, se han ido\u2026. Otros m\u00e1rtires y esto quiere decir que ofrecieron su vida por el Evangelio. \u00a1Son nuestra gloria estos misioneros!, \u00a1la gloria de nuestra Iglesia!\u201d.<\/div>\n<div>\u00a0<\/div>\n<div><strong>Lectura comentada por el Papa:<\/strong><\/div>\n<div>\u00a0<\/div>\n<div>Primera lectura<\/div>\n<div>\u00a0<\/div>\n<div>Hechos 20:17-27<\/div>\n<div>17 Desde Mileto envi\u00f3 a llamar a los presb\u00edteros de la Iglesia de \u00c9feso.<\/div>\n<div>18 Cuando llegaron donde \u00e9l, les dijo: \u00abVosotros sab\u00e9is c\u00f3mo me comport\u00e9 siempre con vosotros, desde el primer d\u00eda que entr\u00e9 en Asia,<\/div>\n<div>19 sirviendo al Se\u00f1or con toda humildad y l\u00e1grimas y con las pruebas que me vinieron por las asechanzas de los jud\u00edos;<\/div>\n<div>20 c\u00f3mo no me acobard\u00e9 cuando en algo pod\u00eda seros \u00fatil; os predicaba y ense\u00f1aba en p\u00fablico y por las casas,<\/div>\n<div>21 dando testimonio tanto a jud\u00edos como a griegos para que se convirtieran a Dios y creyeran en nuestro Se\u00f1or Jes\u00fas.<\/div>\n<div>22 \u00abMirad que ahora yo, encadenado en el esp\u00edritu, me dirijo a Jerusal\u00e9n, sin saber lo que all\u00ed me suceder\u00e1;<\/div>\n<div>23 solamente s\u00e9 que en cada ciudad el Esp\u00edritu Santo me testifica que me aguardan prisiones y tribulaciones.<\/div>\n<div>24 Pero yo no considero mi vida digna de estima, con tal que termine mi carrera y cumpla el ministerio que he recibido del Se\u00f1or Jes\u00fas, de dar testimonio del Evangelio de la gracia de Dios.<\/div>\n<div>25 \u00abY ahora yo s\u00e9 que ya no volver\u00e9is a ver mi rostro ninguno de vosotros, entre quienes pas\u00e9 predicando el Reino.<\/div>\n<div>26 Por esto os testifico en el d\u00eda de hoy que yo estoy limpio de la sangre de todos,<\/div>\n<div>27 pues no me acobard\u00e9 de anunciaros todo el designio de Dios.<\/div>\n<div>\u00a0<\/div>\n<div>Fuente: aciprensa.com<\/div>\n<p><a href=\"http:\/\/web.hilo.org.pe\/wp-content\/uploads\/Mensaje papa.jpg\" target=\"_blank\" rel=\"noopener\">Ver archivo adjunto<\/a><\/p>\n","protected":false},"excerpt":{"rendered":"<p>VATICANO, (ACI).- En la Misa que celebr? en la capilla de la Casa Santa Marta, el Papa Francisco lanz? un mensaje para los j?venes: ?Querr?a decir a los chicos y a las chicas de hoy que no se sienten a gusto ??no son tan felices por esta cultura del consumismo, del narcisismo??: ?Miren el horizonte! Miren all?, ?miren a nuestros misioneros!?.<\/p>\n","protected":false},"author":1,"featured_media":7973,"comment_status":"closed","ping_status":"closed","sticky":false,"template":"","format":"standard","meta":{"footnotes":""},"categories":[9],"tags":[],"class_list":["post-2781","post","type-post","status-publish","format-standard","has-post-thumbnail","hentry","category-noticias"],"_links":{"self":[{"href":"https:\/\/ceas.org.pe\/index.php\/wp-json\/wp\/v2\/posts\/2781","targetHints":{"allow":["GET"]}}],"collection":[{"href":"https:\/\/ceas.org.pe\/index.php\/wp-json\/wp\/v2\/posts"}],"about":[{"href":"https:\/\/ceas.org.pe\/index.php\/wp-json\/wp\/v2\/types\/post"}],"author":[{"embeddable":true,"href":"https:\/\/ceas.org.pe\/index.php\/wp-json\/wp\/v2\/users\/1"}],"replies":[{"embeddable":true,"href":"https:\/\/ceas.org.pe\/index.php\/wp-json\/wp\/v2\/comments?post=2781"}],"version-history":[{"count":1,"href":"https:\/\/ceas.org.pe\/index.php\/wp-json\/wp\/v2\/posts\/2781\/revisions"}],"predecessor-version":[{"id":6437,"href":"https:\/\/ceas.org.pe\/index.php\/wp-json\/wp\/v2\/posts\/2781\/revisions\/6437"}],"wp:featuredmedia":[{"embeddable":true,"href":"https:\/\/ceas.org.pe\/index.php\/wp-json\/wp\/v2\/media\/7973"}],"wp:attachment":[{"href":"https:\/\/ceas.org.pe\/index.php\/wp-json\/wp\/v2\/media?parent=2781"}],"wp:term":[{"taxonomy":"category","embeddable":true,"href":"https:\/\/ceas.org.pe\/index.php\/wp-json\/wp\/v2\/categories?post=2781"},{"taxonomy":"post_tag","embeddable":true,"href":"https:\/\/ceas.org.pe\/index.php\/wp-json\/wp\/v2\/tags?post=2781"}],"curies":[{"name":"wp","href":"https:\/\/api.w.org\/{rel}","templated":true}]}}