{"id":2780,"date":"2016-05-10T18:06:35","date_gmt":"2016-05-10T18:06:35","guid":{"rendered":""},"modified":"2026-03-11T09:12:03","modified_gmt":"2026-03-11T14:12:03","slug":"vaticano-destina-fondos-para-creacion-de-puestos-de-trabajo-en-jordania","status":"publish","type":"post","link":"https:\/\/ceas.org.pe\/index.php\/2016\/05\/10\/vaticano-destina-fondos-para-creacion-de-puestos-de-trabajo-en-jordania\/","title":{"rendered":"Vaticano destina fondos para creaci\u00f3n de puestos de trabajo en Jordania"},"content":{"rendered":"<p>(RV).- Siguiendo la voluntad del Santo Padre Francisco, los fondos recaudados en el pabell\u00f3n de la Santa Sede en la Expo de Mil\u00e1n 2015 han sido destinados al proyecto \u201cPromover oportunidades de trabajo para iraqu\u00edes desplazados en Jordania\u201d.<\/p>\n<p>La iniciativa &#8211; informa en un comunicado el Pontificio Consejo Cor Unum &#8211; ha sido realizada por Caritas Jordania en el Centro de Santa Mar\u00eda de la Paz de Am\u00e1n. La cifra destinada a este proyecto es de 150 mil d\u00f3lares, donados libremente por los numerosos visitantes del pabell\u00f3n de la Santa Sede en la Exposici\u00f3n de Mil\u00e1n.<\/p>\n<div>\u00a0<\/div>\n<div>El proyecto, presentado al Pontificio Consejo Cor Unum que lo ha evaluado en colaboraci\u00f3n con el Pontificio Consejo de la Cultura, tiene el objetivo de llevar a la pr\u00e1ctica el deseo del Papa: utilizar lo recaudado en el pabell\u00f3n de la Santa Sede en la exposici\u00f3n de Mil\u00e1n, en favor de los m\u00e1s d\u00e9biles que est\u00e1n sufriendo las consecuencias de la guerra en Siria e Iraq, es decir, refugiados, sus familias y sus hijos, que en gran parte se encuentran hoy en Jordania, uno de los principales pa\u00edses de acogida. En efecto &#8211; contin\u00faa el comunicado &#8211; son 130 mil los iraqu\u00edes presentes en el este pa\u00eds, casi el 1,3 por ciento de la poblaci\u00f3n, mientras que los sirios son m\u00e1s de un mill\u00f3n, 300 mil. Las cifras aumentan si se consideran tambi\u00e9n a aquellos que no se han registrado todav\u00eda a trav\u00e9s de las Naciones Unidas.<\/div>\n<div>\u00a0<\/div>\n<div>El director de Caritas Jordania, Wael Suleiman, ha dicho que no obstante el empe\u00f1o de la Iglesia local y de las autoridades gobernativas, es extremamente dif\u00edcil encontrar trabajo para los refugiados: \u201cmuchos lo buscan para vivir m\u00e1s dignamente, frecuentemente sin tener contratos. Pero el mercado no ofrece muchas oportunidades\u201d.<\/div>\n<div>\u00a0<\/div>\n<div>En este sentido el proyecto servir\u00e1 \u00a0para asegurar un trabajo pagado regularmente a 15 refugiados iraqu\u00edes, emple\u00e1ndolos en la producci\u00f3n de conservas y en la cultivaci\u00f3n y venta de aceite y hortalizas. Adem\u00e1s de los 15 empleados, se beneficiar\u00e1n de las ganancias los relativos n\u00facleos familiares, los cuales podr\u00e1n de este modo auto-mantenerse. El proyecto proporcionar\u00e1 tambi\u00e9n un curso de formaci\u00f3n profesional de carpinter\u00eda, agricultura e industria alimentaria para alrededor de 200 iraqu\u00edes al a\u00f1o. La cifra destinada cubrir\u00e1 los gastos de los primeros seis meses, mientras que la fase de auto-mantenimiento deber\u00eda iniciar inmediatamente despu\u00e9s, gracias a la recaudaci\u00f3n de las ventas de los productos.<\/div>\n<div>\u00a0<\/div>\n<div>El proyecto ser\u00e1 inaugurado el 12 de mayo pr\u00f3ximo ante la presencia del Sub-Secretario del Pontificio Consejo Cor Unum, Mons. Segundo Tejado Mu\u00f1oz, que visitar\u00e1 Am\u00e1n del 11 al 13 del mismo mes.<\/div>\n<div>\u00a0<\/div>\n<div>Fuente: es.radiovaticana.va<\/div>\n<p><a href=\"http:\/\/web.hilo.org.pe\/wp-content\/uploads\/refugiados en Jordania.jpg\" target=\"_blank\" rel=\"noopener\">Ver archivo adjunto<\/a><\/p>\n","protected":false},"excerpt":{"rendered":"<p>(RV).- Siguiendo la voluntad del Santo Padre Francisco, los fondos recaudados en el pabell?n de la Santa Sede en la Expo de Mil?n 2015 han sido destinados al proyecto ?Promover oportunidades de trabajo para iraqu?es desplazados en Jordania?.<\/p>\n","protected":false},"author":1,"featured_media":7903,"comment_status":"closed","ping_status":"closed","sticky":false,"template":"","format":"standard","meta":{"footnotes":""},"categories":[9],"tags":[],"class_list":["post-2780","post","type-post","status-publish","format-standard","has-post-thumbnail","hentry","category-noticias"],"_links":{"self":[{"href":"https:\/\/ceas.org.pe\/index.php\/wp-json\/wp\/v2\/posts\/2780","targetHints":{"allow":["GET"]}}],"collection":[{"href":"https:\/\/ceas.org.pe\/index.php\/wp-json\/wp\/v2\/posts"}],"about":[{"href":"https:\/\/ceas.org.pe\/index.php\/wp-json\/wp\/v2\/types\/post"}],"author":[{"embeddable":true,"href":"https:\/\/ceas.org.pe\/index.php\/wp-json\/wp\/v2\/users\/1"}],"replies":[{"embeddable":true,"href":"https:\/\/ceas.org.pe\/index.php\/wp-json\/wp\/v2\/comments?post=2780"}],"version-history":[{"count":1,"href":"https:\/\/ceas.org.pe\/index.php\/wp-json\/wp\/v2\/posts\/2780\/revisions"}],"predecessor-version":[{"id":6438,"href":"https:\/\/ceas.org.pe\/index.php\/wp-json\/wp\/v2\/posts\/2780\/revisions\/6438"}],"wp:featuredmedia":[{"embeddable":true,"href":"https:\/\/ceas.org.pe\/index.php\/wp-json\/wp\/v2\/media\/7903"}],"wp:attachment":[{"href":"https:\/\/ceas.org.pe\/index.php\/wp-json\/wp\/v2\/media?parent=2780"}],"wp:term":[{"taxonomy":"category","embeddable":true,"href":"https:\/\/ceas.org.pe\/index.php\/wp-json\/wp\/v2\/categories?post=2780"},{"taxonomy":"post_tag","embeddable":true,"href":"https:\/\/ceas.org.pe\/index.php\/wp-json\/wp\/v2\/tags?post=2780"}],"curies":[{"name":"wp","href":"https:\/\/api.w.org\/{rel}","templated":true}]}}