{"id":2779,"date":"2016-05-10T13:02:55","date_gmt":"2016-05-10T13:02:55","guid":{"rendered":""},"modified":"2026-03-11T09:12:04","modified_gmt":"2026-03-11T14:12:04","slug":"comunicado-aclaratorio-sobre-la-pena-de-muerte","status":"publish","type":"post","link":"https:\/\/ceas.org.pe\/index.php\/2016\/05\/10\/comunicado-aclaratorio-sobre-la-pena-de-muerte\/","title":{"rendered":"Comunicado aclaratorio sobre la Pena de Muerte"},"content":{"rendered":"<div>El Consejo Permanente de la Conferencia Episcopal Peruana, ante las diferentes reacciones en la prensa oral y escrita, surgidas a ra\u00edz del comunicado sobre la pena de muerte, emitido el 26 de abril del 2016, considera necesario expresar lo siguiente: \u00a0<\/div>\n<div>\u00a0<\/div>\n<div>1. Agradece a todos los medios de comunicaci\u00f3n que han dado a conocer dicho comunicado de forma \u00edntegra o seleccionando lo que consideraron ten\u00eda mayor importancia. \u00a0\u00a0<\/div>\n<div>\u00a0<\/div>\n<div>2. Aclara que dicho comunicado no es sesgado ni tiene intenci\u00f3n pol\u00edtica; sino que expone la Doctrina Social de la Iglesia sobre la pena de muerte, fuera de cualquier contexto electoral y\/o pol\u00edtico. \u00a0\u00a0<\/div>\n<div>\u00a0<\/div>\n<div>3. Precisa que la Conferencia Episcopal Peruana ha manifestado su postura en m\u00faltiples oportunidades, tanto en lo que se refiere al respeto y cuidado de la vida, como a la realidad del matrimonio entre var\u00f3n y mujer, rechazando con claridad y energ\u00eda el aborto y la uni\u00f3n entre personas del mismo sexo. \u00a0<\/div>\n<div>\u00a0<\/div>\n<div>4. Recuerda que en lo que se refiere a la pena de muerte, las declaraciones anteriores a la reciente, datan del 18 de junio de 1993, del 7 de septiembre del 2006, y hay otras. Esto indica que no es la primera vez que la Conferencia Episcopal y el Consejo Permanente se han pronunciado sobre el particular. \u00a0\u00a0<\/div>\n<div>\u00a0<\/div>\n<div>5. Deja constancia de que la Conferencia Episcopal Peruana siempre ha defendido la vida desde el momento de la concepci\u00f3n hasta su t\u00e9rmino natural, ha defendido la uni\u00f3n sacramental del matrimonio entre el var\u00f3n y la mujer y en consecuencia ha rechazado siempre el aborto y la uni\u00f3n entre personas del mismo sexo. \u00a0\u00a0<\/div>\n<div>\u00a0<\/div>\n<div>6. Dios defiende la vida humana a\u00fan la del culpable, y la Iglesia, en fidelidad a la Sagrada Escritura, debe defenderla igualmente: Gn 4,15: \u201cY Yav\u00e9 puso una marca a Ca\u00edn para que no lo matara quien lo encontrara\u201d. Jn 8,11: \u201cJes\u00fas le dijo: Tampoco yo te condeno. Vete y en adelante no vuelvas a pecar\u201d. Ez 18,23: \u201cCreen ustedes que me gusta la muerte del malvado? Dice Yav\u00e9. Lo que me agrada es que renuncie a su mal comportamiento y as\u00ed viva\u201d. \u00a0\u00a0<\/div>\n<div>\u00a0<\/div>\n<div>Lima, 9 de mayo de 2016\u00a0<\/div>\n<div>\u00a0<\/div>\n<div>Consejo Permanente \u00a0\u00a0<\/div>\n<div>Conferencia Episcopal Peruana<\/div>\n<p><a href=\"http:\/\/web.hilo.org.pe\/wp-content\/uploads\/CEP.jpg\" target=\"_blank\" rel=\"noopener\">Ver archivo adjunto<\/a><\/p>\n","protected":false},"excerpt":{"rendered":"<p>El Consejo Permanente de la Conferencia Episcopal Peruana, ante las diferentes reacciones en la prensa oral y escrita, surgidas a ra?z del comunicado sobre la pena de muerte, emitido el 26 de abril del 2016, considera necesario expresar lo siguiente:<\/p>\n","protected":false},"author":1,"featured_media":8057,"comment_status":"closed","ping_status":"closed","sticky":false,"template":"","format":"standard","meta":{"footnotes":""},"categories":[9],"tags":[],"class_list":["post-2779","post","type-post","status-publish","format-standard","has-post-thumbnail","hentry","category-noticias"],"_links":{"self":[{"href":"https:\/\/ceas.org.pe\/index.php\/wp-json\/wp\/v2\/posts\/2779","targetHints":{"allow":["GET"]}}],"collection":[{"href":"https:\/\/ceas.org.pe\/index.php\/wp-json\/wp\/v2\/posts"}],"about":[{"href":"https:\/\/ceas.org.pe\/index.php\/wp-json\/wp\/v2\/types\/post"}],"author":[{"embeddable":true,"href":"https:\/\/ceas.org.pe\/index.php\/wp-json\/wp\/v2\/users\/1"}],"replies":[{"embeddable":true,"href":"https:\/\/ceas.org.pe\/index.php\/wp-json\/wp\/v2\/comments?post=2779"}],"version-history":[{"count":1,"href":"https:\/\/ceas.org.pe\/index.php\/wp-json\/wp\/v2\/posts\/2779\/revisions"}],"predecessor-version":[{"id":6439,"href":"https:\/\/ceas.org.pe\/index.php\/wp-json\/wp\/v2\/posts\/2779\/revisions\/6439"}],"wp:featuredmedia":[{"embeddable":true,"href":"https:\/\/ceas.org.pe\/index.php\/wp-json\/wp\/v2\/media\/8057"}],"wp:attachment":[{"href":"https:\/\/ceas.org.pe\/index.php\/wp-json\/wp\/v2\/media?parent=2779"}],"wp:term":[{"taxonomy":"category","embeddable":true,"href":"https:\/\/ceas.org.pe\/index.php\/wp-json\/wp\/v2\/categories?post=2779"},{"taxonomy":"post_tag","embeddable":true,"href":"https:\/\/ceas.org.pe\/index.php\/wp-json\/wp\/v2\/tags?post=2779"}],"curies":[{"name":"wp","href":"https:\/\/api.w.org\/{rel}","templated":true}]}}