{"id":2778,"date":"2016-05-09T11:22:59","date_gmt":"2016-05-09T11:22:59","guid":{"rendered":""},"modified":"2026-03-11T09:12:04","modified_gmt":"2026-03-11T14:12:04","slug":"saludo-por-el-doa-de-la-madre","status":"publish","type":"post","link":"https:\/\/ceas.org.pe\/index.php\/2016\/05\/09\/saludo-por-el-doa-de-la-madre\/","title":{"rendered":"Saludo por el D\u00f3a de la Madre"},"content":{"rendered":"<p>A continuaci\u00f3n entregamos el Saludo del Presidente de la Conferencia Episcopal Peruana, Monse\u00f1or Salvador Pi\u00f1eiro Garc\u00eda-Calder\u00f3n, con motivo del D\u00eda de la Madre:<\/p>\n<div>\u00a0<\/div>\n<div><strong>MAR\u00cdA, SIGNO DE LA MISERICORDIA DE DIOS POR LOS HOMBRES<\/strong><\/div>\n<div><strong><br \/>\n<\/strong><\/div>\n<div><strong>SALUDO POR EL \u201cD\u00cdA DE LA MADRE\u201d<\/strong><\/div>\n<div>\u00a0<\/div>\n<div>En este segundo domingo de mayo, con ocasi\u00f3n del D\u00eda de la Madre, deseo saludar a todas las Madres de nuestro querido y vasto Per\u00fa y reconocer en Ellas el signo del Amor incondicional y misericordioso de Dios por todos los hombres.<\/div>\n<div>\u00a0<\/div>\n<div>La Madre es un \u201c\u00e1ngel de ternura\u201d que Dios ha destinado para cuidar a cada hombre en su paso por este mundo. En su coraz\u00f3n se hacen sinton\u00eda las alegr\u00edas y los sufrimientos, los fracasos y las victorias de sus hijos. No conoce el ego\u00edsmo ni la envidia. Sabe recibir al hijo como el don que Dios le ha dado y para el cual fue elegida. Es un canto al amor que ha cuidado en su vientre y ha puesto en la mesa de la vida. La maternidad es el don m\u00e1s profundamente femenino y la Madre es el regalo m\u00e1s sublime que Dios ha dado al ser humano.<\/div>\n<div>\u00a0<\/div>\n<div>No podemos hablar de la Madre sin recordar a Mar\u00eda, la Madre de Dios. Porque Ella, a pesar de su imagen fr\u00e1gil de mujer joven supo aceptar el designio del Se\u00f1or: Ser la Madre del Salvador que llegar\u00eda al mundo para redimir nuestros pecados. Con su \u201cs\u00ed\u201d, plasmado en el Evangelio con el\u201cH\u00e1gase en mi seg\u00fan tu palabra\u201d, devolvi\u00f3 al hombre el caminos de la reconciliaci\u00f3n con Dios y consigo mismo.<\/div>\n<div>\u00a0<\/div>\n<div>Con el Papa Francisco contemplamos a Mar\u00eda \u201ccomo icono de la paz\u201d. Y con El, la admiramos como:\u201cvaso siempre rebosante de la memoria de Jes\u00fas, Sede de la Sabidur\u00eda, al que podemos acudir para saber interpretar coherentemente su ense\u00f1anza. (\u2026) Bienaventurada eres t\u00fa, Mar\u00eda, porque has dado al mundo al Hijo de Dios; pero todav\u00eda m\u00e1s dichosa por haber cre\u00eddo en \u00c9l\u201d<\/div>\n<div>\u00a0<\/div>\n<div>En este A\u00f1o de la Misericordia fijemos nuestras miradas en las madres ancianas, en aquellas que luchan para sacar adelante a sus hijos, en aquellos que han perdido a su familia y en todas aquellas madres que ya sea en los andes, en la costa o en la selva saben derramar amor incondicional sobre sus hijos. Que Mar\u00eda \u201cMadre de la Misericordia\u201d acompa\u00f1e a cada una de las mam\u00e1s de nuestro pa\u00eds y les de la sabidur\u00eda, esperanza y salud.<\/div>\n<div>\u00a0<\/div>\n<div>\u00a1\u00a1Feliz D\u00eda de la Madre!!\u00a0<\/div>\n<div>\u00a0<\/div>\n<div>+ Salvador Pi\u00f1eiro Garc\u00eda-Calder\u00f3n\u00a0<\/div>\n<div>Arzobispo Metropolitano de Ayacucho\u00a0<\/div>\n<div>Presidente de la Conferencia Episcopal Peruana<\/div>\n<div>\u00a0<\/div>\n<p>\u00a0<\/p>\n<p><a href=\"http:\/\/web.hilo.org.pe\/wp-content\/uploads\/logo conferenciaepiscopal.jpg\" target=\"_blank\" rel=\"noopener\">Ver archivo adjunto<\/a><\/p>\n","protected":false},"excerpt":{"rendered":"<p>A continuaci?n entregamos el Saludo del Presidente de la Conferencia Episcopal Peruana, Monse?or Salvador Pi?eiro Garc?a-Calder?n, con motivo del D?a de la Madre:<\/p>\n","protected":false},"author":1,"featured_media":0,"comment_status":"closed","ping_status":"closed","sticky":false,"template":"","format":"standard","meta":{"footnotes":""},"categories":[9],"tags":[],"class_list":["post-2778","post","type-post","status-publish","format-standard","hentry","category-noticias"],"_links":{"self":[{"href":"https:\/\/ceas.org.pe\/index.php\/wp-json\/wp\/v2\/posts\/2778","targetHints":{"allow":["GET"]}}],"collection":[{"href":"https:\/\/ceas.org.pe\/index.php\/wp-json\/wp\/v2\/posts"}],"about":[{"href":"https:\/\/ceas.org.pe\/index.php\/wp-json\/wp\/v2\/types\/post"}],"author":[{"embeddable":true,"href":"https:\/\/ceas.org.pe\/index.php\/wp-json\/wp\/v2\/users\/1"}],"replies":[{"embeddable":true,"href":"https:\/\/ceas.org.pe\/index.php\/wp-json\/wp\/v2\/comments?post=2778"}],"version-history":[{"count":1,"href":"https:\/\/ceas.org.pe\/index.php\/wp-json\/wp\/v2\/posts\/2778\/revisions"}],"predecessor-version":[{"id":6440,"href":"https:\/\/ceas.org.pe\/index.php\/wp-json\/wp\/v2\/posts\/2778\/revisions\/6440"}],"wp:attachment":[{"href":"https:\/\/ceas.org.pe\/index.php\/wp-json\/wp\/v2\/media?parent=2778"}],"wp:term":[{"taxonomy":"category","embeddable":true,"href":"https:\/\/ceas.org.pe\/index.php\/wp-json\/wp\/v2\/categories?post=2778"},{"taxonomy":"post_tag","embeddable":true,"href":"https:\/\/ceas.org.pe\/index.php\/wp-json\/wp\/v2\/tags?post=2778"}],"curies":[{"name":"wp","href":"https:\/\/api.w.org\/{rel}","templated":true}]}}