{"id":2777,"date":"2016-05-09T11:21:00","date_gmt":"2016-05-09T11:21:00","guid":{"rendered":""},"modified":"2026-03-11T09:12:04","modified_gmt":"2026-03-11T14:12:04","slug":"jubileo-extraordinario-de-la-misericordia-en-arequipa","status":"publish","type":"post","link":"https:\/\/ceas.org.pe\/index.php\/2016\/05\/09\/jubileo-extraordinario-de-la-misericordia-en-arequipa\/","title":{"rendered":"Jubileo Extraordinario de la Misericordia en Arequipa"},"content":{"rendered":"<div>Dentro de las actividades por el \u201cJubileo Extraordinario de la Misericordia\u201d en la Arquidi\u00f3cesis de Arequipa, este mes de mayo, mes dedicado a la Virgen Mar\u00eda, se celebrar\u00e1 el \u201cJubileo Mariano\u201d, ofrecido a nuestra Madre, para darle gracias a Dios por la Virgen y acogernos tambi\u00e9n a su mediaci\u00f3n.\u00a0<\/div>\n<div>\u00a0<span class=\"Apple-tab-span\" style=\"white-space:pre\">\t<\/span><\/div>\n<div>La celebraci\u00f3n ser\u00e1 el viernes 13 de mayo, Fiesta de \u201cNuestra Se\u00f1ora de F\u00e1tima\u201d, en la Bas\u00edlica Catedral de Arequipa, a las 6:30 p.m.<\/div>\n<div>\u00a0<\/div>\n<div>La imagen de \u201cNuestra Se\u00f1ora de Chapi\u201d ingresar\u00e1 al templo mayor en procesi\u00f3n y acompa\u00f1ar\u00e1 la celebraci\u00f3n, que ser\u00e1 presidida por Monse\u00f1or Javier Del R\u00edo Alba, Arzobispo de Arequipa.\u00a0<\/div>\n<div>\u00a0<\/div>\n<div>\u201cLos invito a participar en el Jubileo Mariano que tendremos el pr\u00f3ximo viernes, 13 de mayo, a las 6:30 p.m. en la Catedral de Arequipa.<\/div>\n<div>\u00a0<\/div>\n<div>Ah\u00ed, juntos como Iglesia de Cristo, renovaremos nuestra consagraci\u00f3n a la Virgen Mar\u00eda y pondremos nuestra vida en sus manos de Madre, para que ella la presente a Jes\u00fas y, con \u00c9l, a Dios Padre\u201d, manifest\u00f3 el Arzobispo.<\/div>\n<div>\u00a0<\/div>\n<div>Los fieles que participen en esta celebraci\u00f3n jubilar podr\u00e1n pasar por la Puerta Santa y participar en la Santa Misa, adem\u00e1s de obtener la indulgencia plenaria, cumpliendo las condiciones necesarias que son: confesi\u00f3n sacramental, Comuni\u00f3n Eucar\u00edstica, oraci\u00f3n por las intenciones del Papa y exclusi\u00f3n de afecto a todo pecado, incluso venial.<\/div>\n<div>\u00a0<\/div>\n<div>Ese mismo d\u00eda, pero en horas de la ma\u00f1ana, se llevar\u00e1 a cabo el Jubileo de la Curia Arquidiocesana, el cual iniciar\u00e1 con una charla a cargo de Monse\u00f1or Javier Del R\u00edo y culminar\u00e1 con la peregrinaci\u00f3n de todo el personal que la labora en el Arzobispado de Arequipa hacia la Puerta Santa acompa\u00f1ados por su Pastor. (Fuente: CEP)<\/div>\n<p><a href=\"http:\/\/web.hilo.org.pe\/wp-content\/uploads\/logo jubileo.jpg\" target=\"_blank\" rel=\"noopener\">Ver archivo adjunto<\/a><\/p>\n","protected":false},"excerpt":{"rendered":"<p>Dentro de las actividades por el ?Jubileo Extraordinario de la Misericordia? en la Arquidi?cesis de Arequipa, este mes de mayo, mes dedicado a la Virgen Mar?a, se celebrar? el ?Jubileo Mariano?, ofrecido a nuestra Madre, para darle gracias a Dios por la Virgen y acogernos tambi?n a su mediaci?n.<\/p>\n","protected":false},"author":1,"featured_media":7972,"comment_status":"closed","ping_status":"closed","sticky":false,"template":"","format":"standard","meta":{"footnotes":""},"categories":[9],"tags":[],"class_list":["post-2777","post","type-post","status-publish","format-standard","has-post-thumbnail","hentry","category-noticias"],"_links":{"self":[{"href":"https:\/\/ceas.org.pe\/index.php\/wp-json\/wp\/v2\/posts\/2777","targetHints":{"allow":["GET"]}}],"collection":[{"href":"https:\/\/ceas.org.pe\/index.php\/wp-json\/wp\/v2\/posts"}],"about":[{"href":"https:\/\/ceas.org.pe\/index.php\/wp-json\/wp\/v2\/types\/post"}],"author":[{"embeddable":true,"href":"https:\/\/ceas.org.pe\/index.php\/wp-json\/wp\/v2\/users\/1"}],"replies":[{"embeddable":true,"href":"https:\/\/ceas.org.pe\/index.php\/wp-json\/wp\/v2\/comments?post=2777"}],"version-history":[{"count":1,"href":"https:\/\/ceas.org.pe\/index.php\/wp-json\/wp\/v2\/posts\/2777\/revisions"}],"predecessor-version":[{"id":6441,"href":"https:\/\/ceas.org.pe\/index.php\/wp-json\/wp\/v2\/posts\/2777\/revisions\/6441"}],"wp:featuredmedia":[{"embeddable":true,"href":"https:\/\/ceas.org.pe\/index.php\/wp-json\/wp\/v2\/media\/7972"}],"wp:attachment":[{"href":"https:\/\/ceas.org.pe\/index.php\/wp-json\/wp\/v2\/media?parent=2777"}],"wp:term":[{"taxonomy":"category","embeddable":true,"href":"https:\/\/ceas.org.pe\/index.php\/wp-json\/wp\/v2\/categories?post=2777"},{"taxonomy":"post_tag","embeddable":true,"href":"https:\/\/ceas.org.pe\/index.php\/wp-json\/wp\/v2\/tags?post=2777"}],"curies":[{"name":"wp","href":"https:\/\/api.w.org\/{rel}","templated":true}]}}