{"id":2776,"date":"2016-05-06T11:34:11","date_gmt":"2016-05-06T11:34:11","guid":{"rendered":""},"modified":"2026-03-11T09:12:04","modified_gmt":"2026-03-11T14:12:04","slug":"santo-padre-recibe-premio-carlomagno","status":"publish","type":"post","link":"https:\/\/ceas.org.pe\/index.php\/2016\/05\/06\/santo-padre-recibe-premio-carlomagno\/","title":{"rendered":"Santo Padre recibe premio Carlomagno"},"content":{"rendered":"<p>(ZENIT \u2013 Ciudad del Vaticano).- El papa Francisco ha recibido este viernes en el Vaticano, el Premio Internacional Carlomagno 2016, que reconoce la contribuci\u00f3n dada por el Pont\u00edfice a la unidad europea y como voz de la conciencia en defensa de los valores de Europa.<\/p>\n<div>\u00a0<\/div>\n<div>El Santo Padre que no es favorable a recibir este tipo de galardones pero hizo esta excepci\u00f3n porque, tal y como dijo en su momento, quiere entregarlo a una Europa que debe reforzar su identidad cristiana.<\/div>\n<div>\u00a0<\/div>\n<div>As\u00ed en la Sala Regia del Palacio apost\u00f3lico en el Vaticano, con la presencia de numerosas autoridades de nivel mundial, el alcalde de la ciudad alemana de Aquisgr\u00e1n, Marcel Philipp, junto al director de la asociaci\u00f3n Jurgen Linden, confirieron este premio \u2018Para la unidad de Europa\u2019.<\/div>\n<div>\u00a0<\/div>\n<div>En voz alta fue proclamado: \u201cEl 6 de mayo en el Vaticano (Roma) a su santidad el papa Francisco le es conferido el Premio internacional Carlomagno de Aquisgram en tributo a su extraordinario compromiso a favor de la paz, de la comprensi\u00f3n y de la misericordia en una sociedad europea de valores\u201d.<\/div>\n<div>\u00a0<\/div>\n<div>El Papa recibi\u00f3 medalla que le fue entregada en las manos casi sin tocarla, sin triunfalismo alguno y no le fue puesta al cuello. El s\u00edmbolo representa un antiguo sello con el emperador Carlomagno en su trono y tiene grabado: \u00abPremio Carlomagno de Aquisgram 2016 \u00a0Papa Francisco \u00a0 Europa \u2013 una sociedad de valores\u00bb.<\/div>\n<div>\u00a0<\/div>\n<div>Forma parte del premio un pergamino el cual indica: \u201cQue el Santo Padre nos d\u00e9 el coraje y la confianza para hacer nuevamente de Europa aquel sue\u00f1o que hemos osado so\u00f1ar durante 60 a\u00f1os\u201d. El galard\u00f3n concede tambi\u00e9n la suma simb\u00f3lica de 5.000 euros.<\/div>\n<div>\u00a0<\/div>\n<div>Entre los presentes se encontraba el presidente del Parlamento Europeo, Martin Schulz; el presidente de la Comisi\u00f3n Europea, Jean-Claude Junker; y el presidente del Consejo Europeo, Donald Tusk. Tambi\u00e9n estaba el rey de Espa\u00f1a, Felipe VI, y la canciller alemana Angela Merkel.<\/div>\n<div>\u00a0<\/div>\n<div>La Uni\u00f3n Europea (UE), est\u00e1 compuesta por 28 Estados ubicados en el continente europeo, desde donde hace m\u00e1s de 60 a\u00f1os no se registran guerras, un proceso de integraci\u00f3n que inici\u00f3 en 1951 y establecida en 1993 con un tratado.<\/div>\n<div>\u00a0<\/div>\n<div>En el 2012 la Uni\u00f3n Europea recibi\u00f3 el premio Nobel de la Paz \u2018por su contribuci\u00f3n dada durante m\u00e1s de 60 a\u00f1os a la promoci\u00f3n de la paz y la reconciliaci\u00f3n, de la democracia y de los derechos humanos\u2019.<\/div>\n<div>\u00a0<\/div>\n<div>El papa Francisco estuvo el 25 de noviembre de 2014 en el Parlamento Europeo y ante la plenaria invit\u00f3 a los eurodiputados a \u201cconstruir juntos una Europa que no gire en torno a la econom\u00eda, sino a la sacralidad de la persona humana, de los valores inalienables; una Europa que abrace con valent\u00eda su pasado, y mire con confianza su futuro para vivir plenamente y con esperanza su presente\u201d.<\/div>\n<div>\u00a0<\/div>\n<div>El Premio Carlomagno fue concedido tambi\u00e9n Juan Pablo II, en el 2004, quien al recibirlo se\u00f1al\u00f3: \u201cLa Europa a la que me refiero es una unidad pol\u00edtica, es m\u00e1s, espiritual, en la que los pol\u00edticos cristianos de todos los pa\u00edses act\u00faen con la conciencia de las riquezas humanas que aporta la fe: hombres y mujeres comprometidos en hacer que estos valores sean fecundos, poni\u00e9ndose al servicio de todos por una Europa del hombre, en el que resplandezca el rostro de Dios\u201d.<\/div>\n<div>\u00a0<\/div>\n<div>El papa em\u00e9rito Benedicto XVI en diversas ocasiones se bati\u00f3 en defensa de las ra\u00edces cristianas de Europa, invitando a reivindicarlas sin miedo y a redescubrirlas.<\/div>\n<div>\u00a0<\/div>\n<div>Fuente: es.zenit.org<\/div>\n<p><a href=\"http:\/\/web.hilo.org.pe\/wp-content\/uploads\/Santopadre.jpg\" target=\"_blank\" rel=\"noopener\">Ver archivo adjunto<\/a><\/p>\n","protected":false},"excerpt":{"rendered":"<p>(ZENIT ? Ciudad del Vaticano).- El papa Francisco ha recibido este viernes en el Vaticano, el Premio Internacional Carlomagno 2016, que reconoce la contribuci?n dada por el Pont?fice a la unidad europea y como voz de la conciencia en defensa de los valores de Europa.<\/p>\n","protected":false},"author":1,"featured_media":8006,"comment_status":"closed","ping_status":"closed","sticky":false,"template":"","format":"standard","meta":{"footnotes":""},"categories":[9],"tags":[],"class_list":["post-2776","post","type-post","status-publish","format-standard","has-post-thumbnail","hentry","category-noticias"],"_links":{"self":[{"href":"https:\/\/ceas.org.pe\/index.php\/wp-json\/wp\/v2\/posts\/2776","targetHints":{"allow":["GET"]}}],"collection":[{"href":"https:\/\/ceas.org.pe\/index.php\/wp-json\/wp\/v2\/posts"}],"about":[{"href":"https:\/\/ceas.org.pe\/index.php\/wp-json\/wp\/v2\/types\/post"}],"author":[{"embeddable":true,"href":"https:\/\/ceas.org.pe\/index.php\/wp-json\/wp\/v2\/users\/1"}],"replies":[{"embeddable":true,"href":"https:\/\/ceas.org.pe\/index.php\/wp-json\/wp\/v2\/comments?post=2776"}],"version-history":[{"count":1,"href":"https:\/\/ceas.org.pe\/index.php\/wp-json\/wp\/v2\/posts\/2776\/revisions"}],"predecessor-version":[{"id":6442,"href":"https:\/\/ceas.org.pe\/index.php\/wp-json\/wp\/v2\/posts\/2776\/revisions\/6442"}],"wp:featuredmedia":[{"embeddable":true,"href":"https:\/\/ceas.org.pe\/index.php\/wp-json\/wp\/v2\/media\/8006"}],"wp:attachment":[{"href":"https:\/\/ceas.org.pe\/index.php\/wp-json\/wp\/v2\/media?parent=2776"}],"wp:term":[{"taxonomy":"category","embeddable":true,"href":"https:\/\/ceas.org.pe\/index.php\/wp-json\/wp\/v2\/categories?post=2776"},{"taxonomy":"post_tag","embeddable":true,"href":"https:\/\/ceas.org.pe\/index.php\/wp-json\/wp\/v2\/tags?post=2776"}],"curies":[{"name":"wp","href":"https:\/\/api.w.org\/{rel}","templated":true}]}}