{"id":2775,"date":"2016-05-06T10:50:13","date_gmt":"2016-05-06T10:50:13","guid":{"rendered":""},"modified":"2026-03-11T09:12:04","modified_gmt":"2026-03-11T14:12:04","slug":"solidaridad-eclesial-con-voctimas-del-terremoto-en-ecuador","status":"publish","type":"post","link":"https:\/\/ceas.org.pe\/index.php\/2016\/05\/06\/solidaridad-eclesial-con-voctimas-del-terremoto-en-ecuador\/","title":{"rendered":"Solidaridad eclesial con v\u00f3ctimas del terremoto en Ecuador"},"content":{"rendered":"<p>De acuerdo con el Bolet\u00edn de Prensa No. 7 de la Pastoral Social de la Conferencia Episcopal Ecuatoriana (28.04.2016), como consecuencia del terremoto de magnitud 7,8 Mw, que tuvo lugar el s\u00e1bado 16 de abril, se han registrado 659 fallecidos, 42 desaparecidos, 30.073 atenciones en salud, 788 r\u00e9plicas \u2013la r\u00e9plica m\u00e1s fuerte se registr\u00f3 el 20 de abril, con un sismo de 6,1\u2013 y 113 personas rescatadas con vida. Adem\u00e1s, los albergues dispuestos hasta el momento est\u00e1n acogiendo a 29.067 personas, y se han contabilizado 1.125 casas y edificios destruidos, 829 edificaciones afectadas y da\u00f1os en 560 escuelas.<\/p>\n<div>\u00a0<\/div>\n<div>Ante el fuerte movimiento tel\u00farico y sus v\u00edctimas humanas, adem\u00e1s de los elevados da\u00f1os materiales, unas horas despu\u00e9s de ocurrido el terremoto los obispos ecuatorianos hicieron llegar al pueblo ecuatoriano \u201cuna palabra de confianza en el Se\u00f1or, due\u00f1o de la naturaleza, para que en su infinita misericordia se compadezca de cuantos hemos sido afectados por este sismo\u201d. As\u00ed tambi\u00e9n, recordando a quienes han padecido los mayores impactos del terremoto, convocaron a la unidad y a la solidaridad nacional:<\/div>\n<div>\u00a0<\/div>\n<div>\u201cEn este sentido, nuestro pensamiento va de modo especial por nuestros hermanos de las provincias de Manab\u00ed y Esmeraldas, que hasta ahora parecen ser los m\u00e1s afectados, e invitamos a todos a unirse a una colecta nacional en favor de los damnificados con el fin de socorrerles en sus necesidades m\u00e1s inmediatas\u201d, manifestaron los prelados ecuatorianos, quienes tambi\u00e9n han dispuesto una cuenta corriente en el banco Pichincha, a nombre de la Conferencia Episcopal Ecuatoriana, para recaudar recursos econ\u00f3micos.<\/div>\n<div>\u00a0<\/div>\n<div>Las respuestas no se han hecho esperar, si bien es cierto que las ayudas recibidas todav\u00eda no son suficientes para asegurar la sustentabilidad de la solidaridad, \u201cel pueblo ecuatoriano y la Red de Pastoral Social C\u00e1ritas, sigue apoyando con la recolecci\u00f3n de kits de aseo, alimentaci\u00f3n y medicamentos, que son distribuidos y ser\u00e1n distribuidos paulatinamente, asegurando permanencia, pero se hace \u00e9nfasis en que sea una red de solidaridad sostenida y viable, que no disminuya\u201d, afirm\u00f3 en uno de sus comunicados la red C\u00e1ritas Ecuador.<\/div>\n<div>\u00a0<\/div>\n<div>Las conferencias episcopales de Am\u00e9rica Latina y de otras regiones del mundo, as\u00ed como diversas instituciones eclesiales, adem\u00e1s de las congregaciones y las conferencias nacionales de la vida religiosa, vienen desarrollando importantes esfuerzos de solidaridad eclesial, en este sentido, que, sin embargo, seguir\u00e1 siendo una prioridad para atender la etapa posterior a la actual contingencia. \u201cSe va a requerir alimentos por alg\u00fan tiempo y otros apoyos concretos y por familia\u201d, ha dicho el director de Caritas Ecuador en Portoviejo, Alfredo de la Fuente, quien tambi\u00e9n coment\u00f3 que \u201cse est\u00e1 levantando la informaci\u00f3n en el campo, donde hay much\u00edsimas necesidades y donde las instituciones a\u00fan no han llegado\u201d.<\/div>\n<div>\u00a0<\/div>\n<div>Se adjunta, a continuaci\u00f3n, algunas informaciones de las cuentas bancarias de la Conferencia Episcopal Ecuatoriana para quienes deseen hacer llegar su donaci\u00f3n econ\u00f3mica a favor de los damnificados por el terremoto<\/div>\n<div>\u00a0<\/div>\n<div>\u00a0<\/div>\n<div>Autor: Departamento de comunicaci\u00f3n y prensa CELAM<\/div>\n<div>Fuentes: CCE y C\u00e1ritas Ecuador<\/div>\n<div>Foto: C\u00e1ritas espa\u00f1ola<\/div>\n<div>\u00a0<\/div>\n<p><a href=\"http:\/\/web.hilo.org.pe\/wp-content\/uploads\/Ecuador.jpg\" target=\"_blank\" rel=\"noopener\">Ver archivo adjunto<\/a><\/p>\n","protected":false},"excerpt":{"rendered":"<p>De acuerdo con el Bolet?n de Prensa No. 7 de la Pastoral Social de la Conferencia Episcopal Ecuatoriana (28.04.2016), como consecuencia del terremoto de magnitud 7,8 Mw, que tuvo lugar el s?bado 16 de abril, se han registrado 659 fallecidos, 42 desaparecidos, 30.073 atenciones en salud, 788 r?plicas ?la r?plica m?s fuerte se registr? el 20 de abril, con un sismo de 6,1? y 113 personas rescatadas con vida.<\/p>\n","protected":false},"author":1,"featured_media":295,"comment_status":"closed","ping_status":"closed","sticky":false,"template":"","format":"standard","meta":{"footnotes":""},"categories":[9],"tags":[],"class_list":["post-2775","post","type-post","status-publish","format-standard","has-post-thumbnail","hentry","category-noticias"],"_links":{"self":[{"href":"https:\/\/ceas.org.pe\/index.php\/wp-json\/wp\/v2\/posts\/2775","targetHints":{"allow":["GET"]}}],"collection":[{"href":"https:\/\/ceas.org.pe\/index.php\/wp-json\/wp\/v2\/posts"}],"about":[{"href":"https:\/\/ceas.org.pe\/index.php\/wp-json\/wp\/v2\/types\/post"}],"author":[{"embeddable":true,"href":"https:\/\/ceas.org.pe\/index.php\/wp-json\/wp\/v2\/users\/1"}],"replies":[{"embeddable":true,"href":"https:\/\/ceas.org.pe\/index.php\/wp-json\/wp\/v2\/comments?post=2775"}],"version-history":[{"count":1,"href":"https:\/\/ceas.org.pe\/index.php\/wp-json\/wp\/v2\/posts\/2775\/revisions"}],"predecessor-version":[{"id":6443,"href":"https:\/\/ceas.org.pe\/index.php\/wp-json\/wp\/v2\/posts\/2775\/revisions\/6443"}],"wp:featuredmedia":[{"embeddable":true,"href":"https:\/\/ceas.org.pe\/index.php\/wp-json\/wp\/v2\/media\/295"}],"wp:attachment":[{"href":"https:\/\/ceas.org.pe\/index.php\/wp-json\/wp\/v2\/media?parent=2775"}],"wp:term":[{"taxonomy":"category","embeddable":true,"href":"https:\/\/ceas.org.pe\/index.php\/wp-json\/wp\/v2\/categories?post=2775"},{"taxonomy":"post_tag","embeddable":true,"href":"https:\/\/ceas.org.pe\/index.php\/wp-json\/wp\/v2\/tags?post=2775"}],"curies":[{"name":"wp","href":"https:\/\/api.w.org\/{rel}","templated":true}]}}