{"id":2773,"date":"2016-05-05T10:16:59","date_gmt":"2016-05-05T10:16:59","guid":{"rendered":""},"modified":"2026-03-11T09:12:04","modified_gmt":"2026-03-11T14:12:04","slug":"feria-del-libro-catolico-la-palabra-es-misericordia","status":"publish","type":"post","link":"https:\/\/ceas.org.pe\/index.php\/2016\/05\/05\/feria-del-libro-catolico-la-palabra-es-misericordia\/","title":{"rendered":"Feria del Libro Cat\u00f3lico \u00abLa palabra es misericordia\u00bb"},"content":{"rendered":"<p>La Facultad de Teolog\u00eda Pontificia y Civil de Lima invita a los fieles, religiosos, religiosas, sacerdotes y personas en general a participar en la Tercera Feria del Libro Cat\u00f3lico, que se realizar\u00e1 del 17 al 21 de mayo, en esta casa de estudios, con el lema: \u201cLa Palabra es Misericordia\u201d, inspirado en el jubileo Extraordinario de la Misericordia, convocado por el Papa Francisco.<\/p>\n<p>La inauguraci\u00f3n de la Tercera Feria del Libro Cat\u00f3lico ser\u00e1 presidida por el Cardenal Juan Luis Cipriani, Arzobispo de Lima, el martes 17 de mayo, a las 11:45 a.m. Este a\u00f1o se contar\u00e1 con la participaci\u00f3n de m\u00e1s de 20 casas editoriales. Adem\u00e1s, todos los eventos de la feria, tales como presentaciones de libros, conferencias y exposiciones estar\u00e1n enmarcados en el mayor conocimiento de la misericordia, en sinton\u00eda con el Santo Padre Francisco.<\/p>\n<div>\u00a0<\/div>\n<div>Este a\u00f1o la feria se organizan en el marco del A\u00f1o de la Misericordia y es auspiciada por el Arzobispado de Lima. Adem\u00e1s cuenta con la participaci\u00f3n de la Universidad Cat\u00f3lica Sedes Sapientiae, la Universidad Cat\u00f3lica San Pablo, Librer\u00eda Editorial Salesiana, San Pablo, Paulinas, Vida y Espiritualidad, FASTA y el Semanario Cristo Hoy. Para mayor informaci\u00f3n de la feria comunicarse al telf. 461-0013 o escribir a feriadellibro.ftpcl@gmail.com<\/div>\n<div>\u00a0<\/div>\n<p><a href=\"http:\/\/web.hilo.org.pe\/wp-content\/uploads\/La palabra es misericordia.jpg\" target=\"_blank\" rel=\"noopener\">Ver archivo adjunto<\/a><\/p>\n","protected":false},"excerpt":{"rendered":"<p>La Facultad de Teolog?a Pontificia y Civil de Lima invita a los fieles, religiosos, religiosas, sacerdotes y personas en general a participar en la Tercera Feria del Libro Cat?lico, que se realizar? del 17 al 21 de mayo, en esta casa de estudios, con el lema: ?La Palabra es Misericordia?, inspirado en el jubileo Extraordinario de la Misericordia, convocado por el Papa Francisco.<\/p>\n","protected":false},"author":1,"featured_media":7848,"comment_status":"closed","ping_status":"closed","sticky":false,"template":"","format":"standard","meta":{"footnotes":""},"categories":[9],"tags":[],"class_list":["post-2773","post","type-post","status-publish","format-standard","has-post-thumbnail","hentry","category-noticias"],"_links":{"self":[{"href":"https:\/\/ceas.org.pe\/index.php\/wp-json\/wp\/v2\/posts\/2773","targetHints":{"allow":["GET"]}}],"collection":[{"href":"https:\/\/ceas.org.pe\/index.php\/wp-json\/wp\/v2\/posts"}],"about":[{"href":"https:\/\/ceas.org.pe\/index.php\/wp-json\/wp\/v2\/types\/post"}],"author":[{"embeddable":true,"href":"https:\/\/ceas.org.pe\/index.php\/wp-json\/wp\/v2\/users\/1"}],"replies":[{"embeddable":true,"href":"https:\/\/ceas.org.pe\/index.php\/wp-json\/wp\/v2\/comments?post=2773"}],"version-history":[{"count":1,"href":"https:\/\/ceas.org.pe\/index.php\/wp-json\/wp\/v2\/posts\/2773\/revisions"}],"predecessor-version":[{"id":6445,"href":"https:\/\/ceas.org.pe\/index.php\/wp-json\/wp\/v2\/posts\/2773\/revisions\/6445"}],"wp:featuredmedia":[{"embeddable":true,"href":"https:\/\/ceas.org.pe\/index.php\/wp-json\/wp\/v2\/media\/7848"}],"wp:attachment":[{"href":"https:\/\/ceas.org.pe\/index.php\/wp-json\/wp\/v2\/media?parent=2773"}],"wp:term":[{"taxonomy":"category","embeddable":true,"href":"https:\/\/ceas.org.pe\/index.php\/wp-json\/wp\/v2\/categories?post=2773"},{"taxonomy":"post_tag","embeddable":true,"href":"https:\/\/ceas.org.pe\/index.php\/wp-json\/wp\/v2\/tags?post=2773"}],"curies":[{"name":"wp","href":"https:\/\/api.w.org\/{rel}","templated":true}]}}