{"id":2772,"date":"2016-05-02T10:53:00","date_gmt":"2016-05-02T10:53:00","guid":{"rendered":""},"modified":"2026-03-11T09:12:04","modified_gmt":"2026-03-11T14:12:04","slug":"omp-organiza-festival-de-la-infancia-misionera","status":"publish","type":"post","link":"https:\/\/ceas.org.pe\/index.php\/2016\/05\/02\/omp-organiza-festival-de-la-infancia-misionera\/","title":{"rendered":"OMP organiza Festival de la Infancia Misionera"},"content":{"rendered":"<div>El pr\u00f3ximo 15 de mayo, se celebrar\u00e1 en el Per\u00fa, la Jornada Nacional de la Infancia y Adolescencia Misionera. Por ello, las Obras Misionales Pontificias del Per\u00fa-OMP, celebrar\u00e1 un Festival de la Infancia y Adolescencia Misionera, el s\u00e1bado 28 de mayo.<\/div>\n<div>\u00a0<\/div>\n<div>\u201cPeque\u00f1os Misioneros de la Misericordia\u201d es el lema de este evento que se realizar\u00e1 de 8:30 a.m. a 1:00 p.m., en el Coliseo del Colegio Claretiano, en San Miguel, y est\u00e1 dirigido a ni\u00f1os, adolescentes y animadores misioneros, de los diferentes colegios y parroquias de Lima. Habr\u00e1 momentos de cantos, juegos, oraci\u00f3n y compartir. Este festival forma parte de las celebraciones por la Jornada de la Infancia Misionera, que tiene como finalidad animar y despertar en los ni\u00f1os y adolescente el Esp\u00edritu de solidaridad, con aquellos que sufren y pasan necesidades.<\/div>\n<div>\u00a0<\/div>\n<div>(Fuente: CEP)\u00a0<\/div>\n<div>\u00a0<\/div>\n<div>\u00a0<\/div>\n<p><a href=\"http:\/\/web.hilo.org.pe\/wp-content\/uploads\/Festival de la Infancia Misionera.jpg\" target=\"_blank\" rel=\"noopener\">Ver archivo adjunto<\/a><\/p>\n","protected":false},"excerpt":{"rendered":"<p>El pr?ximo 15 de mayo, se celebrar? en el Per?, la Jornada Nacional de la Infancia y Adolescencia Misionera. Por ello, las Obras Misionales Pontificias del Per?-OMP, celebrar? un Festival de la Infancia y Adolescencia Misionera, el s?bado 28 de mayo.<\/p>\n","protected":false},"author":1,"featured_media":7848,"comment_status":"closed","ping_status":"closed","sticky":false,"template":"","format":"standard","meta":{"footnotes":""},"categories":[9],"tags":[],"class_list":["post-2772","post","type-post","status-publish","format-standard","has-post-thumbnail","hentry","category-noticias"],"_links":{"self":[{"href":"https:\/\/ceas.org.pe\/index.php\/wp-json\/wp\/v2\/posts\/2772","targetHints":{"allow":["GET"]}}],"collection":[{"href":"https:\/\/ceas.org.pe\/index.php\/wp-json\/wp\/v2\/posts"}],"about":[{"href":"https:\/\/ceas.org.pe\/index.php\/wp-json\/wp\/v2\/types\/post"}],"author":[{"embeddable":true,"href":"https:\/\/ceas.org.pe\/index.php\/wp-json\/wp\/v2\/users\/1"}],"replies":[{"embeddable":true,"href":"https:\/\/ceas.org.pe\/index.php\/wp-json\/wp\/v2\/comments?post=2772"}],"version-history":[{"count":1,"href":"https:\/\/ceas.org.pe\/index.php\/wp-json\/wp\/v2\/posts\/2772\/revisions"}],"predecessor-version":[{"id":6446,"href":"https:\/\/ceas.org.pe\/index.php\/wp-json\/wp\/v2\/posts\/2772\/revisions\/6446"}],"wp:featuredmedia":[{"embeddable":true,"href":"https:\/\/ceas.org.pe\/index.php\/wp-json\/wp\/v2\/media\/7848"}],"wp:attachment":[{"href":"https:\/\/ceas.org.pe\/index.php\/wp-json\/wp\/v2\/media?parent=2772"}],"wp:term":[{"taxonomy":"category","embeddable":true,"href":"https:\/\/ceas.org.pe\/index.php\/wp-json\/wp\/v2\/categories?post=2772"},{"taxonomy":"post_tag","embeddable":true,"href":"https:\/\/ceas.org.pe\/index.php\/wp-json\/wp\/v2\/tags?post=2772"}],"curies":[{"name":"wp","href":"https:\/\/api.w.org\/{rel}","templated":true}]}}