{"id":2769,"date":"2016-04-29T12:22:47","date_gmt":"2016-04-29T12:22:47","guid":{"rendered":""},"modified":"2026-03-11T09:12:04","modified_gmt":"2026-03-11T14:12:04","slug":"francisco-pide-no-ser-indiferentes-ante-las-enfermedades-raras","status":"publish","type":"post","link":"https:\/\/ceas.org.pe\/index.php\/2016\/04\/29\/francisco-pide-no-ser-indiferentes-ante-las-enfermedades-raras\/","title":{"rendered":"Francisco pide no ser indiferentes ante las enfermedades raras"},"content":{"rendered":"<p>(RV).- Sensibilizaci\u00f3n, investigaci\u00f3n y acceso a la curaci\u00f3n: son los tres aspectos focalizados por el Papa Francisco en el discurso que dirigi\u00f3 en la ma\u00f1ana de este viernes 29 de abril, a los 700 participantes de la Conferencia Internacional dedicada a la medicina regenerativa, en programa en el Vaticano del 28 al 30 de abril, con un tema principal: la curaci\u00f3n de las enfermedades raras.<\/p>\n<div>\u00a0<\/div>\n<div>En su discurso a los presentes el Pont\u00edfice destac\u00f3 la profesionalidad aplicada en la b\u00fasqueda de posibles terapias y el complejo problema del acceso a curaci\u00f3n de las personas afectadas por estas enfermedades raras, a quienes \u201ca menudo no se da la justa atenci\u00f3n porque no se ve un retorno econ\u00f3mico en las inversiones que se realizan a su favor\u201d.<\/div>\n<div>\u00a0<\/div>\n<div>Tras subrayar que el encuentro \u201casume un valor a\u00fan m\u00e1s significativo en el horizonte del Jubileo de la misericordia\u201d Francisco constat\u00f3 que este proyecto es \u201cmotivo de esperanza\u201d porque \u201cve involucradas personas e instituciones de diversas culturas, sociedades y religiones, acomunadas por una marcada sensibilidad hacia las personas enfermas\u201d.<\/div>\n<div>\u00a0<\/div>\n<div>El Obispo de Roma se detuvo entonces brevemente en tres aspectos del compromiso emprendido por el Pontificio Consejo de la Cultura junto a la Fundaci\u00f3n Vaticana Ciencia y Fe \u2013 STOQ \u00a0y la Fundaci\u00f3n Steam for Life:<\/div>\n<div>\u00a0<\/div>\n<div>En primer lugar la sensibilizaci\u00f3n, \u201cde fundamental importancia para promover en la sociedad el crecimiento del nivel de empat\u00eda \u2013 asegur\u00f3 \u2013 para que nadie permanezca indiferente \u00a0ante la invocaci\u00f3n de ayuda del pr\u00f3jimo\u201d y se responda con \u201cdiligencia a estas personas\u201d.<\/div>\n<div>\u00a0<\/div>\n<div>La segunda palabra: investigaci\u00f3n. Con dos acepciones inseparables: la educaci\u00f3n y la investigaci\u00f3n cient\u00edfica propiamente dicha. Y en este sentido el Papa destac\u00f3 la urgencia educativa \u201cque garantice una adecuada formaci\u00f3n humana, asegurando el m\u00e1ximo nivel profesional\u201d as\u00ed como la investigaci\u00f3n, que \u00a0necesita de una constante atenci\u00f3n a las cuestiones morales para ser instrumento de tutela de la vida y de la dignidad de la persona humana\u201d.<\/div>\n<div>\u00a0<\/div>\n<div>La tercera expresi\u00f3n: \u201casegurar el acceso a la curaci\u00f3n\u201d porque \u2013 insisti\u00f3 el Papa \u2013 \u201chay que oponerse a una econom\u00eda de la exclusi\u00f3n y de la inequidad que siembra v\u00edctimas cuando el mecanismo de la ganancia prevalece sobre el valor de la vida humana. Esta es la raz\u00f3n por la cual \u2013 explic\u00f3 \u2013 \u00a0es necesario contraponer la globalizaci\u00f3n de la empat\u00eda a la globalizaci\u00f3n de la indiferencia\u201d. Por esto \u2013 puntualiz\u00f3 el Obispo de Roma \u2013 estamos llamados a hacer conocer el problema de las enfermedades raras a nivel mundial, a invertir en una formaci\u00f3n m\u00e1s adecuada e incrementar los recursos para la investigaci\u00f3n, a promover la adaptaci\u00f3n legislativa y el cambio del paradigma econ\u00f3mico, para que sea privilegiada la persona humana \u201d.<\/div>\n<div>\u00a0<\/div>\n<div>Finalmente, el aliento del Santo Padre a \u201ccultivar estos valores\u201d para ser, en este A\u00f1o Jubilar, \u201ccooperadores cualificados y generosos de la misericordia del Padre\u201d.<\/div>\n<div>\u00a0<\/div>\n<div>Fuente: radiovaticano<\/div>\n<p><a href=\"http:\/\/web.hilo.org.pe\/wp-content\/uploads\/Papa a la Conferencia Internacional sobre medicina regenerativa.jpg\" target=\"_blank\" rel=\"noopener\">Ver archivo adjunto<\/a><\/p>\n","protected":false},"excerpt":{"rendered":"<p>(RV).- Sensibilizaci?n, investigaci?n y acceso a la curaci?n: son los tres aspectos focalizados por el Papa Francisco en el discurso que dirigi? en la ma?ana de este viernes 29 de abril, a los 700 participantes de la Conferencia Internacional dedicada a la medicina regenerativa, en programa en el Vaticano del 28 al 30 de abril, con un tema principal: la curaci?n de las enfermedades raras.<\/p>\n","protected":false},"author":1,"featured_media":7848,"comment_status":"closed","ping_status":"closed","sticky":false,"template":"","format":"standard","meta":{"footnotes":""},"categories":[9],"tags":[],"class_list":["post-2769","post","type-post","status-publish","format-standard","has-post-thumbnail","hentry","category-noticias"],"_links":{"self":[{"href":"https:\/\/ceas.org.pe\/index.php\/wp-json\/wp\/v2\/posts\/2769","targetHints":{"allow":["GET"]}}],"collection":[{"href":"https:\/\/ceas.org.pe\/index.php\/wp-json\/wp\/v2\/posts"}],"about":[{"href":"https:\/\/ceas.org.pe\/index.php\/wp-json\/wp\/v2\/types\/post"}],"author":[{"embeddable":true,"href":"https:\/\/ceas.org.pe\/index.php\/wp-json\/wp\/v2\/users\/1"}],"replies":[{"embeddable":true,"href":"https:\/\/ceas.org.pe\/index.php\/wp-json\/wp\/v2\/comments?post=2769"}],"version-history":[{"count":1,"href":"https:\/\/ceas.org.pe\/index.php\/wp-json\/wp\/v2\/posts\/2769\/revisions"}],"predecessor-version":[{"id":6449,"href":"https:\/\/ceas.org.pe\/index.php\/wp-json\/wp\/v2\/posts\/2769\/revisions\/6449"}],"wp:featuredmedia":[{"embeddable":true,"href":"https:\/\/ceas.org.pe\/index.php\/wp-json\/wp\/v2\/media\/7848"}],"wp:attachment":[{"href":"https:\/\/ceas.org.pe\/index.php\/wp-json\/wp\/v2\/media?parent=2769"}],"wp:term":[{"taxonomy":"category","embeddable":true,"href":"https:\/\/ceas.org.pe\/index.php\/wp-json\/wp\/v2\/categories?post=2769"},{"taxonomy":"post_tag","embeddable":true,"href":"https:\/\/ceas.org.pe\/index.php\/wp-json\/wp\/v2\/tags?post=2769"}],"curies":[{"name":"wp","href":"https:\/\/api.w.org\/{rel}","templated":true}]}}