{"id":2768,"date":"2016-04-29T12:15:15","date_gmt":"2016-04-29T12:15:15","guid":{"rendered":""},"modified":"2026-03-11T09:12:04","modified_gmt":"2026-03-11T14:12:04","slug":"reforma-de-los-medios-en-el-vaticano-concluiro-el-2018","status":"publish","type":"post","link":"https:\/\/ceas.org.pe\/index.php\/2016\/04\/29\/reforma-de-los-medios-en-el-vaticano-concluiro-el-2018\/","title":{"rendered":"Reforma de los medios en el Vaticano concluir\u00f3 el 2018"},"content":{"rendered":"<p>Ciudad del Vaticano (Zenit.org) \u2013 La reforma de los medios de comunicaci\u00f3n del Vaticano est\u00e1 en marcha y concluir\u00e1 en el 2018 unificando una estructura muy articulada. Si bien habr\u00e1 recortes de presupuesto en la estructura que hoy cuenta con m\u00e1s de seiscientos trabajadores, fundamentalmente se tratar\u00e1 de optimizar los sistemas de comunicaci\u00f3n y econ\u00f3micos, teniendo presentes los cambios que se han registrado en el mundo de hoy.<\/p>\n<div>\u00a0<\/div>\n<div>\u00a0<\/div>\n<div>Lo indic\u00f3 este mi\u00e9rcoles el prefecto de la Secretar\u00eda de Comunicaci\u00f3n, monse\u00f1or Edoardo Vigan\u00f2, en una conferencia a los participantes en Roma del curso de la Universidad de la Santa Cruz que inici\u00f3 ayer y concluye ma\u00f1ana, sobre la comunicaci\u00f3n de la Iglesia en un contexto digital.<\/div>\n<div>\u00a0<\/div>\n<div>\u00a0<\/div>\n<div>Una reforma \u2013ha explicado el prefecto\u2013 que se entiende no solo de tipo econ\u00f3mico y con criterios de sostenibilidad. \u201cLa reforma parte de la idea que el patrimonio m\u00e1s importante es el de los recursos humanos\u201d asegur\u00f3, \u201csin olvidar que con la reforma entra en vigor una econom\u00eda de escala, que permite una reducci\u00f3n de los costes, y esto es importante\u201d.<\/div>\n<div>\u00a0<\/div>\n<div>\u00a0<\/div>\n<div>Y esto porque somos responsables de un dinero que no es personal, sino de la Santa Sede, fruto de ofrendas y donaciones, etc. \u201cEsto requiere una responsabilidad alt\u00edsima y por lo tanto cada euro gastado tiene que tener una justificaci\u00f3n de tipo apost\u00f3lica\u201d dijo.<\/div>\n<div>\u00a0<\/div>\n<div>\u00a0<\/div>\n<div>Se trata \u201cno de un coordinaci\u00f3n, ni de cambiar los nombres a los roles, sino de los procesos de comunicaci\u00f3n y tambi\u00e9n de los medios que forman parte\u201d. De manera que sea \u201clo m\u00e1s eficaz posible de acuerdo a la misi\u00f3n de la Iglesia\u201d. Asegur\u00f3 que todo esto prev\u00e9 una recalificaci\u00f3n, formaci\u00f3n, procesos de actualizaci\u00f3n.<\/div>\n<div>\u00a0<\/div>\n<div>\u00a0<\/div>\n<div>El prefecto de la Secretar\u00eda de Comunicaci\u00f3n indic\u00f3 que de este proceso se inicia a hablar en 1996, en comisiones, grupos de estudio, etc. Este proceso llev\u00f3 a una decisi\u00f3n del Consejo de los 9 cardenales, una discusi\u00f3n sinodal relacionada con la reforma de la Curia que necesit\u00f3 la decisi\u00f3n del Papa, para que los resultados de las comisiones e informes encuentren un proyecto de factibilidad. As\u00ed, \u201cel Santo Padre escribi\u00f3 un motu proprio, o sea un acto de gobierno que entr\u00f3 en vigor el 29 de junio del a\u00f1o pasado\u201d.<\/div>\n<div>\u00a0<\/div>\n<div>\u00a0<\/div>\n<div>Por ejemplo es necesario saber que el consumidor de informaci\u00f3n en internet es a su vez transmisor. O sea cambi\u00f3 el escenario, el medio de acceder al saber, los sistemas de conocimiento. Este nuevo escenario \u201csin olvidar la gran tradici\u00f3n de la Radio Vaticano y o del Osservatore Romano, pone todo en un cuadro integrado de gesti\u00f3n unitaria\u201d.<\/div>\n<div>Los puntos claves, indic\u00f3 el prefecto, \u201cson nuevos procesos de producci\u00f3n. Hoy cada medio desarrolla su producci\u00f3n de manera vertical, y pensarlos en ideas transversales, un contenedor que pueda servir a todos los canales de salida, con atenci\u00f3n a los interlocutores\u201d.<\/div>\n<div>\u00a0<\/div>\n<div>\u00a0<\/div>\n<div>Uno de los peligros t\u00edpicos de todo el mundo cat\u00f3lico advirti\u00f3, \u201ces desarrollar mucho una ret\u00f3rica auto-consoladora, lo que no sucede en el mundo empresarial\u201d. Y a\u00f1adi\u00f3: \u201ccreo que sea m\u00e1s importante abrir la ventana y ver si est\u00e1n nuestros interlocutores y si encontramos sus preguntas y darles las respuestas adecuadas\u201d.<\/div>\n<div>\u00a0<\/div>\n<div>\u00a0<\/div>\n<div>\u00bfC\u00f3mo reformar realidades con grandes glorias? El m\u00e9todo fue bautizado como \u2018de la cebolla\u2019, que est\u00e1 hecha de capas, estratos, y brome\u00f3 que \u201cno se llama de la alcachofa porque la cebolla hace caer siempre alguna l\u00e1grima. En un proceso de reforma no es patol\u00f3gico pero s\u00ed fisiol\u00f3gico o natural que alguna l\u00e1grima corra\u201d.<\/div>\n<div>\u00a0<\/div>\n<div>\u00a0<\/div>\n<div>Se\u00f1al\u00f3 que el proceso parte con un motu proprio que crea en el 2015 la Secretar\u00eda de la Comunicaci\u00f3n, a la que se fusionaron la Oficina de Prensa y el servicio internet. El Pontificio Consejo de las Comunicaciones se disolvi\u00f3 en la Secretar\u00eda porque se volvi\u00f3 el departamento teol\u00f3gico pastoral. La Oficina de Prensa se mantiene y ser\u00e1 la direcci\u00f3n de la comunicaci\u00f3n institucional. El servicio internet en cambio engloba a todos los ingenieros y t\u00e9cnicos que tiene el Centro Televisivo Vaticano y la Radio, y se vuelven la columna vertebral de la fusi\u00f3n tecnol\u00f3gica.<\/div>\n<div>\u00a0<\/div>\n<div>\u00a0<\/div>\n<div>En el 2016 se unen la televisi\u00f3n y la radio lo que es f\u00e1cil, pero existe la dificultad de las grandes redacciones de la radio, con mucho personal. El pr\u00f3ximo a\u00f1o se fusionar\u00e1n el Osservatore Romano, la Librer\u00eda Editora Vaticano, el servicio fotogr\u00e1fico y la tipograf\u00eda.<\/div>\n<div>\u00a0<\/div>\n<div>\u00a0<\/div>\n<div>La Secretar\u00eda adem\u00e1s ha creado el twitter Pontifex y Franciscus en Istagram. Y en 2018 ser\u00e1 el momento de la verificaci\u00f3n, con un consolidaci\u00f3n econ\u00f3mica al menos en la econom\u00eda de escala.<\/div>\n<div>\u00a0<\/div>\n<div>Fuente: riial.org<\/div>\n<div>\u00a0<\/div>\n<div>\u00a0<\/div>\n<p><a href=\"http:\/\/web.hilo.org.pe\/wp-content\/uploads\/20160429_reforma de los medios de comunicacion.jpg\" target=\"_blank\" rel=\"noopener\">Ver archivo adjunto<\/a><\/p>\n","protected":false},"excerpt":{"rendered":"<p>Ciudad del Vaticano (Zenit.org) ? La reforma de los medios de comunicaci?n del Vaticano est? en marcha y concluir? en el 2018 unificando una estructura muy articulada. Si bien habr? recortes de presupuesto en la estructura que hoy cuenta con m?s de seiscientos trabajadores, fundamentalmente se tratar? de optimizar los sistemas de comunicaci?n y econ?micos, teniendo presentes los cambios que se han registrado en el mundo de hoy.<\/p>\n","protected":false},"author":1,"featured_media":7903,"comment_status":"closed","ping_status":"closed","sticky":false,"template":"","format":"standard","meta":{"footnotes":""},"categories":[9],"tags":[],"class_list":["post-2768","post","type-post","status-publish","format-standard","has-post-thumbnail","hentry","category-noticias"],"_links":{"self":[{"href":"https:\/\/ceas.org.pe\/index.php\/wp-json\/wp\/v2\/posts\/2768","targetHints":{"allow":["GET"]}}],"collection":[{"href":"https:\/\/ceas.org.pe\/index.php\/wp-json\/wp\/v2\/posts"}],"about":[{"href":"https:\/\/ceas.org.pe\/index.php\/wp-json\/wp\/v2\/types\/post"}],"author":[{"embeddable":true,"href":"https:\/\/ceas.org.pe\/index.php\/wp-json\/wp\/v2\/users\/1"}],"replies":[{"embeddable":true,"href":"https:\/\/ceas.org.pe\/index.php\/wp-json\/wp\/v2\/comments?post=2768"}],"version-history":[{"count":1,"href":"https:\/\/ceas.org.pe\/index.php\/wp-json\/wp\/v2\/posts\/2768\/revisions"}],"predecessor-version":[{"id":6450,"href":"https:\/\/ceas.org.pe\/index.php\/wp-json\/wp\/v2\/posts\/2768\/revisions\/6450"}],"wp:featuredmedia":[{"embeddable":true,"href":"https:\/\/ceas.org.pe\/index.php\/wp-json\/wp\/v2\/media\/7903"}],"wp:attachment":[{"href":"https:\/\/ceas.org.pe\/index.php\/wp-json\/wp\/v2\/media?parent=2768"}],"wp:term":[{"taxonomy":"category","embeddable":true,"href":"https:\/\/ceas.org.pe\/index.php\/wp-json\/wp\/v2\/categories?post=2768"},{"taxonomy":"post_tag","embeddable":true,"href":"https:\/\/ceas.org.pe\/index.php\/wp-json\/wp\/v2\/tags?post=2768"}],"curies":[{"name":"wp","href":"https:\/\/api.w.org\/{rel}","templated":true}]}}