{"id":2767,"date":"2016-04-27T10:45:18","date_gmt":"2016-04-27T10:45:18","guid":{"rendered":""},"modified":"2026-03-11T09:12:04","modified_gmt":"2026-03-11T14:12:04","slug":"iglesia-en-el-pero-comunicado-sobre-la-pena-de-muerte","status":"publish","type":"post","link":"https:\/\/ceas.org.pe\/index.php\/2016\/04\/27\/iglesia-en-el-pero-comunicado-sobre-la-pena-de-muerte\/","title":{"rendered":"Iglesia en el Per\u00f3: comunicado sobre la pena de muerte"},"content":{"rendered":"<p>El Consejo Permanente de la Conferencia Episcopal Peruana, haci\u00e9ndose eco de la ense\u00f1anza de la Iglesia sobre la pena de muerte, tema planteado en el actual debate electoral, manifiesta lo siguiente:<\/p>\n<p>La vida humana es un don de Dios, y por tanto se nos exige respetarla y protegerla desde el primer instante de su concepci\u00f3n hasta su t\u00e9rmino natural.<\/p>\n<div>\u00a0<\/div>\n<div>1. La Iglesia reconoce el \u201cderecho y deber de la leg\u00edtima autoridad p\u00fablica para aplicar penas proporcionadas a la gravedad del delito, sin excluir, en casos de extrema gravedad, el recurso a la pena de muerte\u201d (Catecismo de la Iglesia Cat\u00f3lica N\u00ba 2266). Sin embargo, \u201clos casos en que la ejecuci\u00f3n del culpable sea una absoluta necesidad son muy raros si no pr\u00e1cticamente inexistentes\u201d (San Juan Pablo II, Evangelium vitae, N\u00ba 56).<\/div>\n<div>\u00a0<\/div>\n<div>2. El Papa Francisco ha afirmado que \u201choy en d\u00eda la pena de muerte es inadmisible\u201d, y a\u00f1ade que \u201cla pena capital es, adem\u00e1s, un recurso frecuente del que echan mano algunos reg\u00edmenes totalitarios y grupos de fan\u00e1ticos, para el exterminio de disidentes pol\u00edticos, de minor\u00edas, y de todo sujeto etiquetado como \u00abpeligroso\u00bb o que pueda ser percibido como una amenaza para su poder o para la consecuci\u00f3n de sus fines\u201d (Carta del 20 de marzo 2015 al Sr. Federico Mayor, presidente de la Comisi\u00f3n Internacional contra la pena de muerte).<\/div>\n<div>\u00a0<\/div>\n<div>3. Adem\u00e1s, el Papa Francisco expresa que \u00abtodos los cristianos y los hombres de buena voluntad estamos obligados no s\u00f3lo a luchar por la abolici\u00f3n de la pena de muerte, legal o ilegal, y en todas sus formas, sino tambi\u00e9n para que las condiciones carcelarias sean mejores, en respeto de la dignidad humana de las personas privadas de la libertad\u00bb (Idem).<\/div>\n<div>\u00a0<\/div>\n<div>Lima, 26 de abril de 2016<\/div>\n<p><a href=\"http:\/\/web.hilo.org.pe\/wp-content\/uploads\/conferencia-episcopal-peruana-logo.jpg\" target=\"_blank\" rel=\"noopener\">Ver archivo adjunto<\/a><\/p>\n","protected":false},"excerpt":{"rendered":"<p>El Consejo Permanente de la Conferencia Episcopal Peruana, haci\u00e9ndose eco de la ense\u00f1anza de la Iglesia sobre la pena de muerte, tema planteado en el actual debate electoral, manifiesta lo siguiente:<\/p>\n","protected":false},"author":1,"featured_media":7857,"comment_status":"closed","ping_status":"closed","sticky":false,"template":"","format":"standard","meta":{"footnotes":""},"categories":[9],"tags":[],"class_list":["post-2767","post","type-post","status-publish","format-standard","has-post-thumbnail","hentry","category-noticias"],"_links":{"self":[{"href":"https:\/\/ceas.org.pe\/index.php\/wp-json\/wp\/v2\/posts\/2767","targetHints":{"allow":["GET"]}}],"collection":[{"href":"https:\/\/ceas.org.pe\/index.php\/wp-json\/wp\/v2\/posts"}],"about":[{"href":"https:\/\/ceas.org.pe\/index.php\/wp-json\/wp\/v2\/types\/post"}],"author":[{"embeddable":true,"href":"https:\/\/ceas.org.pe\/index.php\/wp-json\/wp\/v2\/users\/1"}],"replies":[{"embeddable":true,"href":"https:\/\/ceas.org.pe\/index.php\/wp-json\/wp\/v2\/comments?post=2767"}],"version-history":[{"count":1,"href":"https:\/\/ceas.org.pe\/index.php\/wp-json\/wp\/v2\/posts\/2767\/revisions"}],"predecessor-version":[{"id":6451,"href":"https:\/\/ceas.org.pe\/index.php\/wp-json\/wp\/v2\/posts\/2767\/revisions\/6451"}],"wp:featuredmedia":[{"embeddable":true,"href":"https:\/\/ceas.org.pe\/index.php\/wp-json\/wp\/v2\/media\/7857"}],"wp:attachment":[{"href":"https:\/\/ceas.org.pe\/index.php\/wp-json\/wp\/v2\/media?parent=2767"}],"wp:term":[{"taxonomy":"category","embeddable":true,"href":"https:\/\/ceas.org.pe\/index.php\/wp-json\/wp\/v2\/categories?post=2767"},{"taxonomy":"post_tag","embeddable":true,"href":"https:\/\/ceas.org.pe\/index.php\/wp-json\/wp\/v2\/tags?post=2767"}],"curies":[{"name":"wp","href":"https:\/\/api.w.org\/{rel}","templated":true}]}}