{"id":2766,"date":"2016-04-26T12:26:16","date_gmt":"2016-04-26T12:26:16","guid":{"rendered":""},"modified":"2026-03-11T09:12:04","modified_gmt":"2026-03-11T14:12:04","slug":"arzobispado-del-cusco-realizaro-simposio-sobre-fe-y-cultura","status":"publish","type":"post","link":"https:\/\/ceas.org.pe\/index.php\/2016\/04\/26\/arzobispado-del-cusco-realizaro-simposio-sobre-fe-y-cultura\/","title":{"rendered":"Arzobispado del Cusco realizar\u00f3 simposio sobre fe y cultura"},"content":{"rendered":"<p>El Arzobispado del Cusco mediante la Comisi\u00f3n de Catequesis y Biblia, viene organizando el \u201cIV Simposium de Fe y Cultura\u201d, con el tema \u201cBas\u00edlica Catedral del Cusco: Significado, Arquitectura y Devociones\u201d. Esta actividad se estar\u00e1 llevando a cabo en el Audit\u00f3rium del Museos Hist\u00f3rico Regional \u2013 Casa de Garcilaso ubicado en la Plaza Regocijo, los d\u00edas 29 y 30 de abril, de 6:00 a 8:30 pm.<\/p>\n<div>\u00a0<\/div>\n<div>La Hna. Maribel Bravo B\u00e9jar, CM, presidenta de la Comisi\u00f3n de Catequesis y Biblia, indic\u00f3 se tendr\u00e1 como ponentes al \u00a0Dr. Javier Campos y Fern\u00e1ndez de Sevilla, OSA, Arq. Luis Andr\u00e9s Villacorta Santamato, Arq. Manuel Ollanta Aparicio Flores y a el Pbro. F\u00e9lix Ernesto Cucho Dolmos.<\/div>\n<div>\u00a0 \u00a0 \u00a0 \u00a0 \u00a0 \u00a0 \u00a0<\/div>\n<div>As\u00ed mismo, la Hna. Maribel, indic\u00f3 que las personas que deseen hacer sus inscripciones o cualquier consulta lo pueden hacer en la oficina de la Comisi\u00f3n de Catequesis y Biblia ubicado en la Calle Hatun Rumiyoc S\/N \u2013 Telf. 225211 Anx. 111, o en la Librer\u00eda San Pablo, cito en Santa Clara 473 \u2013 Telf. 248602.<\/div>\n<div>\u00a0<\/div>\n<div>Fuente: arzobispadodelcusco.org<\/div>\n<p><a href=\"http:\/\/web.hilo.org.pe\/wp-content\/uploads\/simposium-fe-cultura-2016.jpg\" target=\"_blank\" rel=\"noopener\">Ver archivo adjunto<\/a><\/p>\n","protected":false},"excerpt":{"rendered":"<p>El Arzobispado del Cusco mediante la Comisi?n de Catequesis y Biblia, viene organizando el ?IV Simposium de Fe y Cultura?, con el tema ?Bas?lica Catedral del Cusco: Significado, Arquitectura y Devociones?.<\/p>\n","protected":false},"author":1,"featured_media":7848,"comment_status":"closed","ping_status":"closed","sticky":false,"template":"","format":"standard","meta":{"footnotes":""},"categories":[9],"tags":[],"class_list":["post-2766","post","type-post","status-publish","format-standard","has-post-thumbnail","hentry","category-noticias"],"_links":{"self":[{"href":"https:\/\/ceas.org.pe\/index.php\/wp-json\/wp\/v2\/posts\/2766","targetHints":{"allow":["GET"]}}],"collection":[{"href":"https:\/\/ceas.org.pe\/index.php\/wp-json\/wp\/v2\/posts"}],"about":[{"href":"https:\/\/ceas.org.pe\/index.php\/wp-json\/wp\/v2\/types\/post"}],"author":[{"embeddable":true,"href":"https:\/\/ceas.org.pe\/index.php\/wp-json\/wp\/v2\/users\/1"}],"replies":[{"embeddable":true,"href":"https:\/\/ceas.org.pe\/index.php\/wp-json\/wp\/v2\/comments?post=2766"}],"version-history":[{"count":1,"href":"https:\/\/ceas.org.pe\/index.php\/wp-json\/wp\/v2\/posts\/2766\/revisions"}],"predecessor-version":[{"id":6452,"href":"https:\/\/ceas.org.pe\/index.php\/wp-json\/wp\/v2\/posts\/2766\/revisions\/6452"}],"wp:featuredmedia":[{"embeddable":true,"href":"https:\/\/ceas.org.pe\/index.php\/wp-json\/wp\/v2\/media\/7848"}],"wp:attachment":[{"href":"https:\/\/ceas.org.pe\/index.php\/wp-json\/wp\/v2\/media?parent=2766"}],"wp:term":[{"taxonomy":"category","embeddable":true,"href":"https:\/\/ceas.org.pe\/index.php\/wp-json\/wp\/v2\/categories?post=2766"},{"taxonomy":"post_tag","embeddable":true,"href":"https:\/\/ceas.org.pe\/index.php\/wp-json\/wp\/v2\/tags?post=2766"}],"curies":[{"name":"wp","href":"https:\/\/api.w.org\/{rel}","templated":true}]}}