{"id":2765,"date":"2016-04-26T12:23:56","date_gmt":"2016-04-26T12:23:56","guid":{"rendered":""},"modified":"2026-03-11T09:12:04","modified_gmt":"2026-03-11T14:12:04","slug":"vaticano-en-la-onu-presento-su-posicion-sobre-el-problema-mundial-de-la-droga","status":"publish","type":"post","link":"https:\/\/ceas.org.pe\/index.php\/2016\/04\/26\/vaticano-en-la-onu-presento-su-posicion-sobre-el-problema-mundial-de-la-droga\/","title":{"rendered":"Vaticano en la ONU present\u00f3 su posici\u00f3n sobre el problema mundial de la droga"},"content":{"rendered":"<p>NUEVA YORK, \u00a0(ACI).- El Nuncio Apost\u00f3lico ante las Naciones Unidas en Nueva York, Arzobispo Bernardito Auza, reiter\u00f3 el firme rechazo de la Santa Sede al uso de drogas ilegales, su legalizaci\u00f3n y record\u00f3 lo dicho por el Papa Francisco: \u201cla droga es un mal y con el mal no se puede pactar\u201d.<\/p>\n<div>\u00a0<\/div>\n<div>As\u00ed lo indic\u00f3 el Prelado en su discurso ante la sesi\u00f3n especial de la Asamblea General sobre el problema mundial de la droga el jueves 21 de abril.<\/div>\n<div>\u00a0<\/div>\n<div>En su discurso, el Arzobispo afirm\u00f3 que \u201cla Santa Sede rechaza firmemente el uso de drogas ilegales y la legalizaci\u00f3n del uso de narc\u00f3ticos\u201d.<\/div>\n<div>\u00a0<\/div>\n<div>El Prelado de origen filipino record\u00f3 lo dicho por el Papa Francisco sobre el tema el 20 de junio de 2014 cuando afirm\u00f3 que \u201cpensar en poder reducir el da\u00f1o, consintiendo el uso de psicof\u00e1rmacos a las personas que siguen consumiendo droga, no resuelve en absoluto el problema; en vez de eso es necesario confrontar los problemas detr\u00e1s del uso de las drogas, promoviendo una mayor justicia, educando a los j\u00f3venes en los valores que construyen la sociedad, acompa\u00f1ando a los que est\u00e1n en dificultad y d\u00e1ndoles esperanza para el futuro\u201d.<\/div>\n<div>\u00a0<\/div>\n<div>En esa oportunidad, Francisco tambi\u00e9n dijo que \u201cla legalizaci\u00f3n de las as\u00ed llamadas \u00abdrogas ligeras\u00bb, incluso parciales, adem\u00e1s de ser cuanto menos discutible a nivel legislativo, no producen los efectos que se hab\u00edan fijado\u201d.<\/div>\n<div>\u00a0<\/div>\n<div>Adem\u00e1s, el Papa insisti\u00f3 adem\u00e1s en que \u201cla droga no se vence con la droga. La droga es un mal, y con el mal no se puede ceder o pactar\u201d. Para decir \u201cno a todo tipo de droga\u201d es necesario \u201cdecir s\u00ed a la vida, s\u00ed al amor, s\u00ed a los dem\u00e1s, s\u00ed a la educaci\u00f3n, s\u00ed al deporte, s\u00ed al trabajo, s\u00ed a m\u00e1s oportunidades de trabajo. Si se realizan estos \u00abs\u00ed\u00bb, no hay sitio para la droga, no hay sitio para el abuso de alcohol y para las dem\u00e1s dependencias\u201d.<\/div>\n<div>\u00a0<\/div>\n<div>Mons. Bernardito Auza resalt\u00f3 luego la importancia de la familia para hacer frente al problema de las drogas y alert\u00f3 sobre \u201cel efecto negativo del uso de drogas il\u00edcitas en la familia que se extiende a la comunidad y llega a la desestabilizaci\u00f3n de la sociedad civil\u201d.<\/div>\n<div>\u00a0<\/div>\n<div>\u201cEducar a nuestros ni\u00f1os y j\u00f3venes sobre el da\u00f1o del abuso de drogas es un importante elemento para luchar\u201d contra este flagelo, dijo el Prelado y agreg\u00f3 que es necesario ayudar a quienes han ca\u00eddo en \u00e9l.<\/div>\n<div>\u00a0<\/div>\n<div>El Arzobispo resalt\u00f3 asimismo que \u201cel problema de la droga y sus males relacionados trascienden las fronteras y afectan a las personas en todo el mundo. Por ello se requiere la cooperaci\u00f3n internacional para lograr una estrategia integrada y balanceada que les haga frente\u201d.<\/div>\n<div>\u00a0<\/div>\n<div>Fuente: aciprensa.com<\/div>\n<p><a href=\"http:\/\/web.hilo.org.pe\/wp-content\/uploads\/VATICANO ONU.gif\" target=\"_blank\" rel=\"noopener\">Ver archivo adjunto<\/a><\/p>\n","protected":false},"excerpt":{"rendered":"<p>NUEVA YORK,  (ACI).- El Nuncio Apost?lico ante las Naciones Unidas en Nueva York, Arzobispo Bernardito Auza, reiter? el firme rechazo de la Santa Sede al uso de drogas ilegales, su legalizaci?n y record? lo dicho por el Papa Francisco: ?la droga es un mal y con el mal no se puede pactar?.<\/p>\n","protected":false},"author":1,"featured_media":7903,"comment_status":"closed","ping_status":"closed","sticky":false,"template":"","format":"standard","meta":{"footnotes":""},"categories":[9],"tags":[],"class_list":["post-2765","post","type-post","status-publish","format-standard","has-post-thumbnail","hentry","category-noticias"],"_links":{"self":[{"href":"https:\/\/ceas.org.pe\/index.php\/wp-json\/wp\/v2\/posts\/2765","targetHints":{"allow":["GET"]}}],"collection":[{"href":"https:\/\/ceas.org.pe\/index.php\/wp-json\/wp\/v2\/posts"}],"about":[{"href":"https:\/\/ceas.org.pe\/index.php\/wp-json\/wp\/v2\/types\/post"}],"author":[{"embeddable":true,"href":"https:\/\/ceas.org.pe\/index.php\/wp-json\/wp\/v2\/users\/1"}],"replies":[{"embeddable":true,"href":"https:\/\/ceas.org.pe\/index.php\/wp-json\/wp\/v2\/comments?post=2765"}],"version-history":[{"count":1,"href":"https:\/\/ceas.org.pe\/index.php\/wp-json\/wp\/v2\/posts\/2765\/revisions"}],"predecessor-version":[{"id":6453,"href":"https:\/\/ceas.org.pe\/index.php\/wp-json\/wp\/v2\/posts\/2765\/revisions\/6453"}],"wp:featuredmedia":[{"embeddable":true,"href":"https:\/\/ceas.org.pe\/index.php\/wp-json\/wp\/v2\/media\/7903"}],"wp:attachment":[{"href":"https:\/\/ceas.org.pe\/index.php\/wp-json\/wp\/v2\/media?parent=2765"}],"wp:term":[{"taxonomy":"category","embeddable":true,"href":"https:\/\/ceas.org.pe\/index.php\/wp-json\/wp\/v2\/categories?post=2765"},{"taxonomy":"post_tag","embeddable":true,"href":"https:\/\/ceas.org.pe\/index.php\/wp-json\/wp\/v2\/tags?post=2765"}],"curies":[{"name":"wp","href":"https:\/\/api.w.org\/{rel}","templated":true}]}}