{"id":2764,"date":"2016-04-25T19:24:14","date_gmt":"2016-04-25T19:24:14","guid":{"rendered":""},"modified":"2026-03-11T09:12:04","modified_gmt":"2026-03-11T14:12:04","slug":"se-realizo-encuentro-de-agencias-de-cooperacion-que-impulsan-el-desarrollo-en-amorica-latina","status":"publish","type":"post","link":"https:\/\/ceas.org.pe\/index.php\/2016\/04\/25\/se-realizo-encuentro-de-agencias-de-cooperacion-que-impulsan-el-desarrollo-en-amorica-latina\/","title":{"rendered":"Se realiz\u00f3 encuentro de agencias de cooperaci\u00f3n que impulsan el desarrollo en Am\u00f3rica Latina"},"content":{"rendered":"<p>Los d\u00edas 19 y 20 de abril de 2016 se llev\u00f3 a cabo en la Casa Pedro Legaria de Bogot\u00e1 el primer Encuentro de Agencias de Cooperaci\u00f3n que impulsan el desarrollo en Am\u00e9rica Latina y El Caribe, convocado por el Consejo Episcopal Latinoamericano-CELAM, con el apoyo y asesor\u00eda de Porticus.<\/p>\n<div>\u00a0<\/div>\n<div>El objetivo general del encuentro fue reunir a las agencias eclesiales de cooperaci\u00f3n internacional y a las m\u00e1s importantes organizaciones filantr\u00f3picas privadas que colaboran con la Iglesia, para dialogar, compartir y buscar formas creativas de articulaci\u00f3n y colaboraci\u00f3n que nos ayuden a dar una respuesta efectiva a las necesidades m\u00e1s urgentes y a contribuir en la transformaci\u00f3n de las realidades sociales m\u00e1s desafiantes que se viven en Am\u00e9rica Latina y El Caribe.<\/div>\n<div>\u00a0<\/div>\n<div>En el encuentro se logr\u00f3 crear lazos de comuni\u00f3n entre las diferentes agencias de ayuda; iniciar un trabajo procesual que permita elaborar un macro proyecto integral a desarrollar en conjunto, con mayor impacto que nos lleve realmente a la transformaci\u00f3n de las estructuras sociales y eclesiales; promover un conocimiento m\u00e1s profundo sobre la identidad de cada agencia; constatar que todas las agencias y entidades, somos parte de un \u00fanico proyecto; optimizar recursos y realizar un trabajo com\u00fan para el desarrollo integral de Am\u00e9rica Latina y el Caribe; y analizar la posibilidad de la creaci\u00f3n de una red de agencias de ayuda y organizaciones filantr\u00f3picas que ayudan a la Iglesia en la regi\u00f3n.<\/div>\n<div>\u00a0<\/div>\n<div>Monse\u00f1or Juan Espinoza, Secretario General del CELAM, hizo referencia a este encuentro diciendo: \u201cEs un sue\u00f1o hecho realidad. Ve\u00edamos que era necesario este espacio de encuentro para crear lazos de comuni\u00f3n, lograr el inicio de un trabajo que nos permita pensar en grande, sabiendo que somos parte de un \u00fanico proyecto. Usando nuestros recursos, instrumentos y metodolog\u00edas de manera cooperativa podemos avanzar con m\u00e1s eficiencia en este dar una vida digna a nuestros pueblos. Para lograr este objetivo se ha contado con la iniciativa, el apoyo y la coordinaci\u00f3n con Porticus\u201d.<\/div>\n<div>\u00a0<\/div>\n<div>Por su parte, Juan Esteban Belderra\u00edn, Director de Porticus para Am\u00e9rica Latina, manifest\u00f3 que hay una especie de motivo ego\u00edsta al tomar esta iniciativa ya que, a ra\u00edz de los cambios que se est\u00e1n dando en la Iglesia y en la sociedad, Porticus necesita una revisi\u00f3n interna. \u201cA veces no nos reconocemos como miembros de la Iglesia. No tenemos instancias para revisar nuestras pr\u00e1cticas. Y no hemos podido compartir tampoco los logros, los m\u00e9todos de trabajo, las l\u00edneas de acci\u00f3n, las estrategias\u2026\u201d, manifest\u00f3 el Director de Porticus.<\/div>\n<div>\u00a0<\/div>\n<div><strong>Participantes<\/strong><\/div>\n<div>\u00a0<\/div>\n<div>En este encuentro participaron las siguientes personas, representando a sus respectivas agencias de cooperaci\u00f3n: Sr. Thomas Wieland, Coordinador Departamento de Proyectos, Alemania, en representaci\u00f3n de ADVENIAT; \u00a0 \u00a0Sr. Gilvan De Sousa, Consejero Ayuda a la Iglesia que Sufre, ACN, con sede en Brasil; Sra. Clare Dixon, Directora de CAFOD para Am\u00e9rica Latina y El Caribe, Inglaterra; Sr. Andr\u00e9s G\u00f3mez de la Torre, Director Programas Internacionales de CAFOD, Inglaterra; Sr. Rick Jones, Director de CRS para Am\u00e9rica Latina y El Caribe, con sede en El Salvador; Sr. Chritoph Huber, Director del Departamento \u00a0de KINDER MISSION, para Am\u00e9rica Latina y El Caribe, Alemania; Sra. Regina Lynch, Directora General Departamento de Proyectos de KIRCHE IN NOT; Sr. Marco Mencaglia, Responsable Proyectos Am\u00e9rica Latina I de KIRCHE IN NOT; Sr. Ulrich Kny, Responsable Proyectos Am\u00e9rica Latina II de KIRCHE IN NOT, Alemania; Sra. Susanne Breuer, Encargada proyectos de MISEREOR en Am\u00e9rica Latina y El Caribe, Alemania; Sr. Juan Esteban Belderra\u00edn, Director de PORTICUS en Latinoam\u00e9rica y Caribe, Brasil; P. Juan Molina, Director de SCLA en Am\u00e9rica Latina y El Caribe, Estados Unidos; Sra. Lucila Servitje Montull, Coordinadora \u00c1rea Derechos Humanos de SERTULL, M\u00e9xico; Sra. Griselda Espino Ledesma, Coordinadora General de SERTULL, M\u00e9xico; Prof. Peter Casarella, Director Oficina de Asuntos y compromisos \u2013 Misi\u00f3n de la Iglesia de la UNIVERSIDAD DE NOTRE DAME, Estados Unidos; Sr. Stefan Pleisnitzer, L\u00edder Regional de VISION MUNDIAL &#8211; Oficina para Am\u00e9rica Latina y El Caribe, Panam\u00e1; Sra. Martha Janeth Rodr\u00edguez, Directora Nacional VISION MUNDIAL, Colombia.<\/div>\n<div>\u00a0<\/div>\n<div>Los expertos que contribuyeron con su reflexi\u00f3n en forma de ponencia o de panel fueron los siguientes: Sr. Juan Carlos N\u00fa\u00f1ez, Director Ejecutivo Fundaci\u00f3n Jubileo, Bolivia; Dr. Agust\u00edn Salvia, Director del Observatorio de la Deuda Social de la Universidad Cat\u00f3lica Argentina, Buenos Aires, Argentina; P. Juan Carlos Scannone, S.J., Te\u00f3logo \u2013 Docente de la Pontificia Universidad Cat\u00f3lica de Buenos Aires, Argentina; Sr. Javier Cortegoso, Responsable de Cooperaci\u00f3n para Latinoam\u00e9rica y Caribe, Fundaci\u00f3n Entreculturas, Espa\u00f1a; Mons. Pedro Barreto Jimeno, Arzobispo de Huancayo, Representante del CELAM en la Red Eclesial Panamaz\u00f3nica, Per\u00fa; P. Alfredo Ferro Molina, Coordinador del proyecto Pan-Amaz\u00f3nico de la CPAL, Leticia, Colombia; Dr. Nelson Arns Neumann, Director de Pastoral de Crianza, Brasil.<\/div>\n<div>\u00a0<\/div>\n<div>Por parte del CELAM participaron el Secretario General, Mons. Juan Espinoza Jim\u00e9nez, Obispo Auxiliar de Morelia, M\u00e9xico; Pbro. Ra\u00fal Islas Olvera, M\u00e9xico, Secretario Ejecutivo del Departamento Comuni\u00f3n Eclesial Y Di\u00e1logo; Pbro. Felipe De Le\u00f3n, M\u00e9xico, Departamento Misi\u00f3n Y Espiritualidad; Administradora Financiera Diana Luc\u00eda Aguirre, Colombia, Tesorera General; y el Pbro. Leonidas Ortiz Losada, Colombia, Secretario General Adjunto.\u00a0<\/div>\n<div>\u00a0<\/div>\n<div>Como parte del personal de apoyo nos colaboraron la Ingeniera Sonia del Pilar Gallardo, en la Oficina de Sistemas; la periodista \u00a0Martha Patricia Le\u00f3n, de la Oficina de Prensa; y la Lcda. Francis Cangrejo en Secretar\u00eda general del encuentro; y la Lcda. Gloria Rojas, en la difusi\u00f3n de las publicaciones del CELAM.<\/div>\n<div>\u00a0<\/div>\n<div>\u00a0Bogot\u00e1, Abril 21 de 2016.<\/div>\n<div>\u00a0<\/div>\n<div>Fuente: celam.org<\/div>\n<p><a href=\"http:\/\/web.hilo.org.pe\/wp-content\/uploads\/Encuentrodeagencias.jpg\" target=\"_blank\" rel=\"noopener\">Ver archivo adjunto<\/a><\/p>\n","protected":false},"excerpt":{"rendered":"<p>Los d?as 19 y 20 de abril de 2016 se llev? a cabo en la Casa Pedro Legaria de Bogot? el primer Encuentro de Agencias de Cooperaci?n que impulsan el desarrollo en Am?rica Latina y El Caribe, convocado por el Consejo Episcopal Latinoamericano-CELAM, con el apoyo y asesor?a de Porticus.<\/p>\n","protected":false},"author":1,"featured_media":7862,"comment_status":"closed","ping_status":"closed","sticky":false,"template":"","format":"standard","meta":{"footnotes":""},"categories":[9],"tags":[],"class_list":["post-2764","post","type-post","status-publish","format-standard","has-post-thumbnail","hentry","category-noticias"],"_links":{"self":[{"href":"https:\/\/ceas.org.pe\/index.php\/wp-json\/wp\/v2\/posts\/2764","targetHints":{"allow":["GET"]}}],"collection":[{"href":"https:\/\/ceas.org.pe\/index.php\/wp-json\/wp\/v2\/posts"}],"about":[{"href":"https:\/\/ceas.org.pe\/index.php\/wp-json\/wp\/v2\/types\/post"}],"author":[{"embeddable":true,"href":"https:\/\/ceas.org.pe\/index.php\/wp-json\/wp\/v2\/users\/1"}],"replies":[{"embeddable":true,"href":"https:\/\/ceas.org.pe\/index.php\/wp-json\/wp\/v2\/comments?post=2764"}],"version-history":[{"count":1,"href":"https:\/\/ceas.org.pe\/index.php\/wp-json\/wp\/v2\/posts\/2764\/revisions"}],"predecessor-version":[{"id":6454,"href":"https:\/\/ceas.org.pe\/index.php\/wp-json\/wp\/v2\/posts\/2764\/revisions\/6454"}],"wp:featuredmedia":[{"embeddable":true,"href":"https:\/\/ceas.org.pe\/index.php\/wp-json\/wp\/v2\/media\/7862"}],"wp:attachment":[{"href":"https:\/\/ceas.org.pe\/index.php\/wp-json\/wp\/v2\/media?parent=2764"}],"wp:term":[{"taxonomy":"category","embeddable":true,"href":"https:\/\/ceas.org.pe\/index.php\/wp-json\/wp\/v2\/categories?post=2764"},{"taxonomy":"post_tag","embeddable":true,"href":"https:\/\/ceas.org.pe\/index.php\/wp-json\/wp\/v2\/tags?post=2764"}],"curies":[{"name":"wp","href":"https:\/\/api.w.org\/{rel}","templated":true}]}}