{"id":2763,"date":"2016-04-25T19:18:05","date_gmt":"2016-04-25T19:18:05","guid":{"rendered":""},"modified":"2026-03-11T09:12:04","modified_gmt":"2026-03-11T14:12:04","slug":"la-felicidad-no-es-una-oappo-el-amor-pide-sacrificio-papa-francisco","status":"publish","type":"post","link":"https:\/\/ceas.org.pe\/index.php\/2016\/04\/25\/la-felicidad-no-es-una-oappo-el-amor-pide-sacrificio-papa-francisco\/","title":{"rendered":"\u00abLa felicidad no es una \u00f3app\u00f3, el amor pide sacrificio\u00bb: Papa Francisco"},"content":{"rendered":"<p>(ZENIT \u2013 Ciudad del Vaticano).- Con el himno \u201cMisericordiosos como el Padre\u201d el papa Francisco entr\u00f3 desde la bas\u00edlica de San Pedro hacia la plaza, para celebrar este domingo la santa misa, en medio de los aplausos unos 70 mil j\u00f3venes de 13 a 16 a\u00f1os que participan del Jubileo de los adolescentes.<\/p>\n<div>\u00a0<\/div>\n<div>La plaza estaba m\u00e1s colorida de lo habitual, con banderas, carteles y s\u00edmbolos varios de identificaci\u00f3n que llevaban o vest\u00edan los j\u00f3vene, como camisetas, sombreros, gorros y pa\u00f1uelos, indicando lugares y pa\u00edses de proveniencia. A pesar de las previsiones meteorol\u00f3gicas adversas, no llovi\u00f3.<\/div>\n<div>\u00a0<\/div>\n<div>El santo Padre vistiendo paramentos blancos con ribetes verdes y dorados presidi\u00f3 la santa misa, mientras los j\u00f3venes con el librito que les hab\u00edan entregado pudieron seguir y acompa\u00f1ar en la medida de lo posible, cantos como el Kyrie en lat\u00edn, las lecturas y las peticiones.<\/div>\n<div>\u00a0<\/div>\n<div>Uno de los ni\u00f1os del coro de la Pontificia Capilla Sixtina, adolescente como ellos, cant\u00f3 como solista: \u201cMisericordioso es el Se\u00f1or lento en la ira (\u2026) su ternura se expande en todas las criaturas\u201d.<\/div>\n<div>\u00a0<\/div>\n<div>El Santo Padre en la homil\u00eda, con muchas peque\u00f1as improvisaciones respecto al texto programado, anim\u00f3 a los j\u00f3venes a la caridad. Les record\u00f3 que la gente conocer\u00e1 a los disc\u00edpulos de Jes\u00fas por c\u00f3mo se aman entre ellos y que vivir las bienaventuranzas da la identidad del cristiano y es el \u00fanico \u201cdocumento\u201d v\u00e1lido para ser reconocidos como disc\u00edpulos de Jes\u00fas.<\/div>\n<div>\u00a0<\/div>\n<div>Les se\u00f1al\u00f3 que amar quiere decir dar, no s\u00f3lo algo material, sino algo de uno mismo: el tiempo personal, la propia amistad, las capacidades personales. Y que debemos agradecer al Se\u00f1or todos los d\u00edas, por su amistad fiel, que supera las decepciones que le damos, porque Jes\u00fas sigue am\u00e1ndonos.<\/div>\n<div>\u00a0<\/div>\n<div>As\u00ed el Papa les record\u00f3 que Jes\u00fas les mira a los ojos y les llama para seguirlo, para \u00abremar mar a dentro\u00bb y \u00abechar las redes\u00bb confiando en su palabra.<\/div>\n<div>\u00a0<\/div>\n<div>Les advirti\u00f3 que muchos les dir\u00e1n que ser libres significa hacer lo que se quiera y a esto hay que saber decir no, porque la libertad es el don de poder elegir el bien. \u201cNo se contenten con la mediocridad\u201d, dijo. Les se\u00f1al\u00f3 que que el amor es concreto no una telenovela. Que es necesario desconfiar de quien les hace creer que ellos son valiosos cuando los hacen pasar por fuertes, como los h\u00e9roes de las pel\u00edculas, o cuando llevan vestidos a la \u00faltima moda. Vuestra felicidad no tiene precio y no se negocia; no es un \u201capp\u201d que se descarga en el tel\u00e9fono m\u00f3vil, les dijo.<\/div>\n<div>\u00a0<\/div>\n<div>\u201cLev\u00e1ntense, Jes\u00fas los quiere siempre de pie. Y cuando uno cae, les invit\u00f3 a levantarse tom\u00e1ndose de la mano de Jes\u00fas, apoy\u00e1ndose en los buenos amigos, en la familia. A trabajar junto con los otros y por los otros, pero jam\u00e1s contra alguien.<\/div>\n<div>\u00a0<\/div>\n<div>Y concluy\u00f3: \u201cQue vuestro programa cotidiano sean las obras de misericordia:\u201d, as\u00ed \u201cser\u00e1n disc\u00edpulos de Jes\u00fas\u201d y \u201cvuestra alegr\u00eda ser\u00e1 plena\u201d.<\/div>\n<div>\u00a0<\/div>\n<div>Al concluir la misa, el Papa entreg\u00f3 a varios j\u00f3venes un crucifijo invit\u00e1ndolos a \u201cser misioneros y mensajeros de la Misericordia del Padre que se revela en Jes\u00fas\u201d.<\/div>\n<div>\u00a0<\/div>\n<div>Fuente: es.zenit.org<\/div>\n<p><a href=\"http:\/\/web.hilo.org.pe\/wp-content\/uploads\/Adolescentes.jpg\" target=\"_blank\" rel=\"noopener\">Ver archivo adjunto<\/a><\/p>\n","protected":false},"excerpt":{"rendered":"<p>(ZENIT ? Ciudad del Vaticano).- Con el himno ?Misericordiosos como el Padre? el papa Francisco entr? desde la bas?lica de San Pedro hacia la plaza, para celebrar este domingo la santa misa, en medio de los aplausos unos 70 mil j?venes de 13 a 16 a?os que participan del Jubileo de los adolescentes.<\/p>\n","protected":false},"author":1,"featured_media":7855,"comment_status":"closed","ping_status":"closed","sticky":false,"template":"","format":"standard","meta":{"footnotes":""},"categories":[9],"tags":[],"class_list":["post-2763","post","type-post","status-publish","format-standard","has-post-thumbnail","hentry","category-noticias"],"_links":{"self":[{"href":"https:\/\/ceas.org.pe\/index.php\/wp-json\/wp\/v2\/posts\/2763","targetHints":{"allow":["GET"]}}],"collection":[{"href":"https:\/\/ceas.org.pe\/index.php\/wp-json\/wp\/v2\/posts"}],"about":[{"href":"https:\/\/ceas.org.pe\/index.php\/wp-json\/wp\/v2\/types\/post"}],"author":[{"embeddable":true,"href":"https:\/\/ceas.org.pe\/index.php\/wp-json\/wp\/v2\/users\/1"}],"replies":[{"embeddable":true,"href":"https:\/\/ceas.org.pe\/index.php\/wp-json\/wp\/v2\/comments?post=2763"}],"version-history":[{"count":1,"href":"https:\/\/ceas.org.pe\/index.php\/wp-json\/wp\/v2\/posts\/2763\/revisions"}],"predecessor-version":[{"id":6455,"href":"https:\/\/ceas.org.pe\/index.php\/wp-json\/wp\/v2\/posts\/2763\/revisions\/6455"}],"wp:featuredmedia":[{"embeddable":true,"href":"https:\/\/ceas.org.pe\/index.php\/wp-json\/wp\/v2\/media\/7855"}],"wp:attachment":[{"href":"https:\/\/ceas.org.pe\/index.php\/wp-json\/wp\/v2\/media?parent=2763"}],"wp:term":[{"taxonomy":"category","embeddable":true,"href":"https:\/\/ceas.org.pe\/index.php\/wp-json\/wp\/v2\/categories?post=2763"},{"taxonomy":"post_tag","embeddable":true,"href":"https:\/\/ceas.org.pe\/index.php\/wp-json\/wp\/v2\/tags?post=2763"}],"curies":[{"name":"wp","href":"https:\/\/api.w.org\/{rel}","templated":true}]}}