{"id":2762,"date":"2016-04-22T13:25:53","date_gmt":"2016-04-22T13:25:53","guid":{"rendered":""},"modified":"2026-03-11T09:12:04","modified_gmt":"2026-03-11T14:12:04","slug":"jubileo-de-los-adolescentes-con-el-papa-en-el-aoo-de-la-misericordia","status":"publish","type":"post","link":"https:\/\/ceas.org.pe\/index.php\/2016\/04\/22\/jubileo-de-los-adolescentes-con-el-papa-en-el-aoo-de-la-misericordia\/","title":{"rendered":"Jubileo de los Adolescentes con el Papa en el A\u00f3o de la Misericordia"},"content":{"rendered":"<p>VATICANO, (ACI).- M\u00e1s de 60.000 muchachos de entre 13 y 16 a\u00f1os llenar\u00e1n este domingo la Plaza de San Pedro para tener un encuentro con el Papa Francisco y participar del Jubileo de los Adolescentes, una de las grandes actividades programadas para este A\u00f1o Santo de la Misericordia.<\/p>\n<div>\u00a0<\/div>\n<div>La Santa Sede inform\u00f3 este mi\u00e9rcoles que ser\u00e1n tres d\u00edas de oraci\u00f3n, peregrinaciones, confesiones y celebraciones \u2013del 23 al 25 de abril\u2013, siendo el d\u00eda central el 24 de abril, cuando los 60.000 chicos y chicas venidos de todo el mundo se encuentren con el Pont\u00edfice.<\/div>\n<div>\u00a0<\/div>\n<div>\u201cEste tiempo precioso tambi\u00e9n los implica a ustedes, queridos chicos y chicas, y me dirijo a ustedes para invitarlos a tomar parte, a convertirse en protagonistas, descubri\u00e9ndose hijos de Dios\u201d, escribi\u00f3 el Papa Francisco en el mensaje por el Jubileo de los Adolescentes.<\/div>\n<div>\u00a0<\/div>\n<div>En su texto, el Pont\u00edfice los exhort\u00f3 tambi\u00e9n a sentirse llamados a vivir el A\u00f1o Santo de la Misericordia participando en este gran evento con el tema \u201cCrecer misericordiosos como el Padre\u201d.<\/div>\n<div>\u00a0<\/div>\n<div>Seg\u00fan el programa, el 23 de abril la jornada comenzar\u00e1 con la peregrinaci\u00f3n a la Puerta Santa, que se iniciar\u00e1 en el Castillo San \u00c1ngelo hasta llegar, por toda la V\u00eda de la Conciliaci\u00f3n, hasta la Plaza de San Pedro.<\/div>\n<div>\u00a0<\/div>\n<div>La c\u00e9lebre columnata de Bernini se transformar\u00e1 en el abrazo del Padre que los adolescentes podr\u00e1n experimentar gracias a 150 sacerdotes que administrar\u00e1n el sacramento de la Reconciliaci\u00f3n entre las 9:30 a.m. y las 5:30 p.m.<\/div>\n<div>\u00a0<\/div>\n<div>Terminado el recorrido jubilar al interior de la Bas\u00edlica vaticana \u2013que concluir\u00e1 con la profesi\u00f3n de fe ante la tumba de San Pedro\u2013, los chicos se dirigir\u00e1n al Estadio Ol\u00edmpico para una gran fiesta, donde adem\u00e1s de m\u00fasica y exhibiciones de teatro, habr\u00e1 varios testimonios.<\/div>\n<div>\u00a0<\/div>\n<div>El domingo 24 ser\u00e1 el d\u00eda central del Jubileo de los Adolescentes con la Misa que el Papa Francisco celebrar\u00e1 a las 10:30 a.m. en la Plaza de San Pedro.<\/div>\n<div>\u00a0<\/div>\n<div>La jornada proseguir\u00e1 con la visita a las tiendas de la Misericordia, instaladas del s\u00e1bado hasta el lunes en siete plazas del centro hist\u00f3rico de Roma con el objetivo de que los adolescentes y habitantes de la capital italiana compartan testimonios de obras de misericordia espirituales y corporales.<\/div>\n<div>\u00a0<\/div>\n<div>La mayor parte de los adolescentes ser\u00e1n hospedados en las parroquias romanas. Son 200 las comunidades que respondieron a la invitaci\u00f3n del Servicio para la Pastoral Juvenil de la Di\u00f3cesis de Roma y del Centro de Oratorios Romanos.<\/div>\n<div>\u00a0<\/div>\n<div>Fuente. aciprensa.com<\/div>\n<p><a href=\"http:\/\/web.hilo.org.pe\/wp-content\/uploads\/Jubileo de los Adolescentes con el Papa.jpg\" target=\"_blank\" rel=\"noopener\">Ver archivo adjunto<\/a><\/p>\n","protected":false},"excerpt":{"rendered":"<p>VATICANO, (ACI).- M?s de 60.000 muchachos de entre 13 y 16 a?os llenar?n este domingo la Plaza de San Pedro para tener un encuentro con el Papa Francisco y participar del Jubileo de los Adolescentes, una de las grandes actividades programadas para este A?o Santo de la Misericordia.<\/p>\n","protected":false},"author":1,"featured_media":7874,"comment_status":"closed","ping_status":"closed","sticky":false,"template":"","format":"standard","meta":{"footnotes":""},"categories":[9],"tags":[],"class_list":["post-2762","post","type-post","status-publish","format-standard","has-post-thumbnail","hentry","category-noticias"],"_links":{"self":[{"href":"https:\/\/ceas.org.pe\/index.php\/wp-json\/wp\/v2\/posts\/2762","targetHints":{"allow":["GET"]}}],"collection":[{"href":"https:\/\/ceas.org.pe\/index.php\/wp-json\/wp\/v2\/posts"}],"about":[{"href":"https:\/\/ceas.org.pe\/index.php\/wp-json\/wp\/v2\/types\/post"}],"author":[{"embeddable":true,"href":"https:\/\/ceas.org.pe\/index.php\/wp-json\/wp\/v2\/users\/1"}],"replies":[{"embeddable":true,"href":"https:\/\/ceas.org.pe\/index.php\/wp-json\/wp\/v2\/comments?post=2762"}],"version-history":[{"count":1,"href":"https:\/\/ceas.org.pe\/index.php\/wp-json\/wp\/v2\/posts\/2762\/revisions"}],"predecessor-version":[{"id":6456,"href":"https:\/\/ceas.org.pe\/index.php\/wp-json\/wp\/v2\/posts\/2762\/revisions\/6456"}],"wp:featuredmedia":[{"embeddable":true,"href":"https:\/\/ceas.org.pe\/index.php\/wp-json\/wp\/v2\/media\/7874"}],"wp:attachment":[{"href":"https:\/\/ceas.org.pe\/index.php\/wp-json\/wp\/v2\/media?parent=2762"}],"wp:term":[{"taxonomy":"category","embeddable":true,"href":"https:\/\/ceas.org.pe\/index.php\/wp-json\/wp\/v2\/categories?post=2762"},{"taxonomy":"post_tag","embeddable":true,"href":"https:\/\/ceas.org.pe\/index.php\/wp-json\/wp\/v2\/tags?post=2762"}],"curies":[{"name":"wp","href":"https:\/\/api.w.org\/{rel}","templated":true}]}}