{"id":2760,"date":"2016-04-21T14:15:44","date_gmt":"2016-04-21T14:15:44","guid":{"rendered":""},"modified":"2026-03-11T09:12:04","modified_gmt":"2026-03-11T14:12:04","slug":"el-papa-franciso-envoo-mensaje-a-las-coritas-en-italia","status":"publish","type":"post","link":"https:\/\/ceas.org.pe\/index.php\/2016\/04\/21\/el-papa-franciso-envoo-mensaje-a-las-coritas-en-italia\/","title":{"rendered":"El Papa Franciso env\u00f3o mensaje a las C\u00f3ritas en Italia"},"content":{"rendered":"<p>(ZENIT \u2013 Ciudad del Vaticano).- El papa Francisco recibi\u00f3 este jueves en el Vaticano a los participantes del 38\u00b0 Congreso de C\u00e1ritas de las di\u00f3cesis italianas, que se ha desarrollado del 18 al 21 de abril en \u201cFraterna Domus\u201d a pocos kil\u00f3metros de Roma sobre el tema: \u201cMisericordiosos come el Padre\u201d.<\/p>\n<div>\u00a0<\/div>\n<div>Francisco les record\u00f3 a los presentes que la misi\u00f3n educativa de la C\u00e1ritas, \u201cpide un amor concreto hacia cada ser humano, con una opci\u00f3n preferencial por los pobres para los cuales el mismo Jes\u00fas nos pide ayuda y cercan\u00eda\u201d.<\/div>\n<div>\u00a0<\/div>\n<div>Pero a\u00fan m\u00e1s, les solicita que el servicio caritativo est\u00e9 dirigido a toda la comunidad cristiana, de manera que la sociedad crezca en la caridad y sepa encontrar caminos siempre nuevos, capaz de leer y enfrentar las situaciones que oprimen a millones de personas.<\/div>\n<div>\u00a0<\/div>\n<div>Hoy existen, indica el Papa, \u201cdesaf\u00edos globales que siembran miedo, iniquidad, especulaci\u00f3n financiera incluso sobre los alimentos, degrado ambiental y guerras. Delante a estos retos, adem\u00e1s del trabajo cotidiano \u201ces necesario llevar adelante el empe\u00f1o de educar al encuentro respetuoso y fraterno entre culturas y civilizaciones, el cuidado de la creaci\u00f3n, para una ecolog\u00eda integral\u201d. O sea educar a \u201cun estilo de vida responsable\u201d, iniciado \u201cpor grupos individuales y en las parroquias\u201d.<\/div>\n<div>\u00a0<\/div>\n<div>El Santo Padre invit\u00f3 tambi\u00e9n a estar cerca de los inmigrantes y a gestionar el tema con pol\u00edticas que miren lejos, entendiendo que ellos son una riqueza y un recurso, siguiendo \u201ctantos hermosos ejemplos que tenemos en nuestras comunidades\u201d.<\/div>\n<div>\u00a0<\/div>\n<div>Les record\u00f3 adem\u00e1s, que la familia es en si misma una \u2018Caritas\u2019 porque Dios mismo la ha hecho as\u00ed: el alma de la familia y de su misi\u00f3n es el amor. \u201cLas respuestas a muchos malestares pueden ser ofrecidos justamente por aquellas familias que, superando la tentaci\u00f3n de la \u2018solidaridad corta y epis\u00f3dica\u2019\u201d elijen colaborar entre ellas y con los otros servicios. ofreciendo su propia disponibilidad.<\/div>\n<div>\u00a0<\/div>\n<div>El Pont\u00edfice concluy\u00f3 sus palabras invitando a responder al Se\u00f1or en los necesitados. \u201c\u00c9l est\u00e1 en la puerta de nuestro coraz\u00f3n, en nuestras comunidades, esperando que alguien responda a su golpear discreto e insistente: espera la caridad, o sea la caricia misericordiosa del Se\u00f1or a trav\u00e9s de la mano de la Iglesia\u201d.<\/div>\n<div>\u00a0<\/div>\n<div>Fuente: es.zenit.org<\/div>\n<p><a href=\"http:\/\/web.hilo.org.pe\/wp-content\/uploads\/logo misericordia.jpg\" target=\"_blank\" rel=\"noopener\">Ver archivo adjunto<\/a><\/p>\n","protected":false},"excerpt":{"rendered":"<p>(ZENIT ? Ciudad del Vaticano).- El papa Francisco recibi? este jueves en el Vaticano a los participantes del 38? Congreso de C?ritas de las di?cesis italianas, que se ha desarrollado del 18 al 21 de abril en ?Fraterna Domus? a pocos kil?metros de Roma sobre el tema: ?Misericordiosos come el Padre?.<\/p>\n","protected":false},"author":1,"featured_media":7973,"comment_status":"closed","ping_status":"closed","sticky":false,"template":"","format":"standard","meta":{"footnotes":""},"categories":[9],"tags":[],"class_list":["post-2760","post","type-post","status-publish","format-standard","has-post-thumbnail","hentry","category-noticias"],"_links":{"self":[{"href":"https:\/\/ceas.org.pe\/index.php\/wp-json\/wp\/v2\/posts\/2760","targetHints":{"allow":["GET"]}}],"collection":[{"href":"https:\/\/ceas.org.pe\/index.php\/wp-json\/wp\/v2\/posts"}],"about":[{"href":"https:\/\/ceas.org.pe\/index.php\/wp-json\/wp\/v2\/types\/post"}],"author":[{"embeddable":true,"href":"https:\/\/ceas.org.pe\/index.php\/wp-json\/wp\/v2\/users\/1"}],"replies":[{"embeddable":true,"href":"https:\/\/ceas.org.pe\/index.php\/wp-json\/wp\/v2\/comments?post=2760"}],"version-history":[{"count":1,"href":"https:\/\/ceas.org.pe\/index.php\/wp-json\/wp\/v2\/posts\/2760\/revisions"}],"predecessor-version":[{"id":6458,"href":"https:\/\/ceas.org.pe\/index.php\/wp-json\/wp\/v2\/posts\/2760\/revisions\/6458"}],"wp:featuredmedia":[{"embeddable":true,"href":"https:\/\/ceas.org.pe\/index.php\/wp-json\/wp\/v2\/media\/7973"}],"wp:attachment":[{"href":"https:\/\/ceas.org.pe\/index.php\/wp-json\/wp\/v2\/media?parent=2760"}],"wp:term":[{"taxonomy":"category","embeddable":true,"href":"https:\/\/ceas.org.pe\/index.php\/wp-json\/wp\/v2\/categories?post=2760"},{"taxonomy":"post_tag","embeddable":true,"href":"https:\/\/ceas.org.pe\/index.php\/wp-json\/wp\/v2\/tags?post=2760"}],"curies":[{"name":"wp","href":"https:\/\/api.w.org\/{rel}","templated":true}]}}