{"id":2759,"date":"2016-04-21T14:06:39","date_gmt":"2016-04-21T14:06:39","guid":{"rendered":""},"modified":"2026-03-11T09:12:04","modified_gmt":"2026-03-11T14:12:04","slug":"arzobispo-de-arequipa-pide-crear-ministerio-de-la-familia","status":"publish","type":"post","link":"https:\/\/ceas.org.pe\/index.php\/2016\/04\/21\/arzobispo-de-arequipa-pide-crear-ministerio-de-la-familia\/","title":{"rendered":"Arzobispo de Arequipa pide crear Ministerio de la Familia"},"content":{"rendered":"<p>Monse\u00f1or Javier del R\u00edo Alba, Arzobispo de Arequipa, expres\u00f3 su deseo de que los dos postulantes presidenciales para la segunda vuelta, consideren la creaci\u00f3n de un Ministerio de la Familia. Por lo que dijo, \u00abPara m\u00ed ser\u00eda un golazo si un candidato anuncia la creaci\u00f3n de este ministerio\u00bb.<\/p>\n<div>\u00a0<\/div>\n<div>Asimismo, Mons. del R\u00edo recomend\u00f3 que debiera considerarse como prioridad en las que campa\u00f1as electorales de la l\u00edder de Fuerza Popular, Keiko Fujimori y el l\u00edder de Peruanos por el Kambio, Pedro Pablo Kuczynski, que propicien proyectos nacionales que fortifiquen a la familia.<\/div>\n<div>\u00a0<\/div>\n<div>\u00abAh\u00ed est\u00e1 la clave del asunto, la inseguridad ciudadana, la corrupci\u00f3n, son consecuencias de la destrucci\u00f3n de la familia\u2026 La familia peruana cada vez se va deteriorando m\u00e1s\u00bb, manifest\u00f3.<\/div>\n<div>\u00a0<\/div>\n<div>El arzobispo asegur\u00f3 adem\u00e1s que en las votaciones del pasado 10 de abril algunos \u00abcandidatos radicales\u00bb quedaron fuera de la contienda electoral ya que indicaban su posici\u00f3n a favor del aborto y por lo tanto en contra de la familia. Infocat\u00f3lica.<\/div>\n<div>\u00a0<\/div>\n<div>Fuente: perucatolico.com<\/div>\n<p><a href=\"http:\/\/web.hilo.org.pe\/wp-content\/uploads\/Arzobispodearequipa.jpg\" target=\"_blank\" rel=\"noopener\">Ver archivo adjunto<\/a><\/p>\n","protected":false},"excerpt":{"rendered":"<p>\u00a0Monse\u00f1or Javier del R\u00edo Alba, Arzobispo de Arequipa, expres\u00f3 su deseo de que los dos postulantes presidenciales para la segunda vuelta, consideren la creaci\u00f3n de un Ministerio de la Familia. Por lo que dijo, \u00abPara m\u00ed ser\u00eda un golazo si un candidato anuncia la creaci\u00f3n de este ministerio\u00bb.<\/p>\n","protected":false},"author":1,"featured_media":7972,"comment_status":"closed","ping_status":"closed","sticky":false,"template":"","format":"standard","meta":{"footnotes":""},"categories":[9],"tags":[],"class_list":["post-2759","post","type-post","status-publish","format-standard","has-post-thumbnail","hentry","category-noticias"],"_links":{"self":[{"href":"https:\/\/ceas.org.pe\/index.php\/wp-json\/wp\/v2\/posts\/2759","targetHints":{"allow":["GET"]}}],"collection":[{"href":"https:\/\/ceas.org.pe\/index.php\/wp-json\/wp\/v2\/posts"}],"about":[{"href":"https:\/\/ceas.org.pe\/index.php\/wp-json\/wp\/v2\/types\/post"}],"author":[{"embeddable":true,"href":"https:\/\/ceas.org.pe\/index.php\/wp-json\/wp\/v2\/users\/1"}],"replies":[{"embeddable":true,"href":"https:\/\/ceas.org.pe\/index.php\/wp-json\/wp\/v2\/comments?post=2759"}],"version-history":[{"count":1,"href":"https:\/\/ceas.org.pe\/index.php\/wp-json\/wp\/v2\/posts\/2759\/revisions"}],"predecessor-version":[{"id":6459,"href":"https:\/\/ceas.org.pe\/index.php\/wp-json\/wp\/v2\/posts\/2759\/revisions\/6459"}],"wp:featuredmedia":[{"embeddable":true,"href":"https:\/\/ceas.org.pe\/index.php\/wp-json\/wp\/v2\/media\/7972"}],"wp:attachment":[{"href":"https:\/\/ceas.org.pe\/index.php\/wp-json\/wp\/v2\/media?parent=2759"}],"wp:term":[{"taxonomy":"category","embeddable":true,"href":"https:\/\/ceas.org.pe\/index.php\/wp-json\/wp\/v2\/categories?post=2759"},{"taxonomy":"post_tag","embeddable":true,"href":"https:\/\/ceas.org.pe\/index.php\/wp-json\/wp\/v2\/tags?post=2759"}],"curies":[{"name":"wp","href":"https:\/\/api.w.org\/{rel}","templated":true}]}}