{"id":2758,"date":"2016-04-20T11:01:49","date_gmt":"2016-04-20T11:01:49","guid":{"rendered":""},"modified":"2026-03-11T09:12:04","modified_gmt":"2026-03-11T14:12:04","slug":"emprenden-colecta-en-piura-por-damnificados-del-terremoto-en-ecuador","status":"publish","type":"post","link":"https:\/\/ceas.org.pe\/index.php\/2016\/04\/20\/emprenden-colecta-en-piura-por-damnificados-del-terremoto-en-ecuador\/","title":{"rendered":"Emprenden colecta en Piura por damnificados del terremoto en Ecuador"},"content":{"rendered":"<p>PIURA ACI).- La Arquidi\u00f3cesis de Piura, al norte de Per\u00fa, ha convocado una colecta especial para asistir a los damnificados por el terremoto del 16 de abril en Ecuador.<\/p>\n<div>\u00a0<\/div>\n<div>En un comunicado difundido hoy, la Arquidi\u00f3cesis anunci\u00f3 que la colecta se realizar\u00e1 durante \u201ctodas las Misas dominicales que se celebren el \u00a0pr\u00f3ximo domingo 1 de mayo, en las diferentes parroquias de la Arquidi\u00f3cesis e iglesias abiertas al culto p\u00fablico\u201d.<\/div>\n<div>\u00a0<\/div>\n<div>El terremoto de 7,8 grados \u2013que ha producido 417 r\u00e9plicas hasta la fecha\u2013 cobr\u00f3 la vida de 480 personas, m\u00e1s de 4 mil heridos y 805 edificios destruidos, seg\u00fan report\u00f3 el 19 de abril la Secretar\u00eda de Gesti\u00f3n de Riesgos de Ecuador. Hay m\u00e1s de 20 mil personas en refugios provistos por las autoridades.<\/div>\n<div>\u00a0<\/div>\n<div>Fue el mayor sismo registrado en Ecuador desde 1979.<\/div>\n<div>\u00a0<\/div>\n<div>El Arzobispo de Piura, indic\u00f3 el comunicado, \u201cexhorta a todos los fieles de nuestra Arquidi\u00f3cesis a dar, en medio del A\u00f1o de la Misericordia, un testimonio de caridad cristiana y de gran generosidad para con nuestros hermanos del Ecuador que nos permita aliviar su dolor y necesidades en estos momentos tan dif\u00edciles\u201d.<\/div>\n<div>\u00a0<\/div>\n<div><strong>Obispos peruanos alientan solidaridad<\/strong><\/div>\n<div>\u00a0<\/div>\n<div>Al tiempo que expresaron sus condolencias y oraciones por las v\u00edctimas y damnificados del sismo en Ecuador, la Conferencia Episcopal Peruana alent\u00f3, el 19 de abril, a colaborar \u201cen la colecta especial, promovida por sus respectivos obispos, como gesto concreto de solidaridad en favor de los damnificados\u201d.<\/div>\n<div>\u00a0<\/div>\n<div>Fuente: aciprensa.com<\/div>\n<p><a href=\"http:\/\/web.hilo.org.pe\/wp-content\/uploads\/terremoto.jpg\" target=\"_blank\" rel=\"noopener\">Ver archivo adjunto<\/a><\/p>\n","protected":false},"excerpt":{"rendered":"<p>PIURA ACI).- La Arquidi?cesis de Piura, al norte de Per?, ha convocado una colecta especial para asistir a los damnificados por el terremoto del 16 de abril en Ecuador.<\/p>\n","protected":false},"author":1,"featured_media":8059,"comment_status":"closed","ping_status":"closed","sticky":false,"template":"","format":"standard","meta":{"footnotes":""},"categories":[9],"tags":[],"class_list":["post-2758","post","type-post","status-publish","format-standard","has-post-thumbnail","hentry","category-noticias"],"_links":{"self":[{"href":"https:\/\/ceas.org.pe\/index.php\/wp-json\/wp\/v2\/posts\/2758","targetHints":{"allow":["GET"]}}],"collection":[{"href":"https:\/\/ceas.org.pe\/index.php\/wp-json\/wp\/v2\/posts"}],"about":[{"href":"https:\/\/ceas.org.pe\/index.php\/wp-json\/wp\/v2\/types\/post"}],"author":[{"embeddable":true,"href":"https:\/\/ceas.org.pe\/index.php\/wp-json\/wp\/v2\/users\/1"}],"replies":[{"embeddable":true,"href":"https:\/\/ceas.org.pe\/index.php\/wp-json\/wp\/v2\/comments?post=2758"}],"version-history":[{"count":1,"href":"https:\/\/ceas.org.pe\/index.php\/wp-json\/wp\/v2\/posts\/2758\/revisions"}],"predecessor-version":[{"id":6460,"href":"https:\/\/ceas.org.pe\/index.php\/wp-json\/wp\/v2\/posts\/2758\/revisions\/6460"}],"wp:featuredmedia":[{"embeddable":true,"href":"https:\/\/ceas.org.pe\/index.php\/wp-json\/wp\/v2\/media\/8059"}],"wp:attachment":[{"href":"https:\/\/ceas.org.pe\/index.php\/wp-json\/wp\/v2\/media?parent=2758"}],"wp:term":[{"taxonomy":"category","embeddable":true,"href":"https:\/\/ceas.org.pe\/index.php\/wp-json\/wp\/v2\/categories?post=2758"},{"taxonomy":"post_tag","embeddable":true,"href":"https:\/\/ceas.org.pe\/index.php\/wp-json\/wp\/v2\/tags?post=2758"}],"curies":[{"name":"wp","href":"https:\/\/api.w.org\/{rel}","templated":true}]}}