{"id":2755,"date":"2016-04-19T19:14:29","date_gmt":"2016-04-19T19:14:29","guid":{"rendered":""},"modified":"2026-03-11T09:12:04","modified_gmt":"2026-03-11T14:12:04","slug":"comunicado-de-la-cep-iglesia-peruana-se-solidariza-con-ecuador","status":"publish","type":"post","link":"https:\/\/ceas.org.pe\/index.php\/2016\/04\/19\/comunicado-de-la-cep-iglesia-peruana-se-solidariza-con-ecuador\/","title":{"rendered":"Comunicado de la CEP: Iglesia peruana se solidariza con Ecuador"},"content":{"rendered":"<p>Queremos dirigirnos a los hermanos del Ecuador que sufren las consecuencias del terremoto del s\u00e1bado 16 del presente mes, en nuestra condici\u00f3n de pastores de la Iglesia en el Per\u00fa, para expresarles lo siguiente:<\/p>\n<p>Nuestra condolencia y compromiso de oraci\u00f3n por cada una de las personas que han muerto, y tambi\u00e9n por aquellos que han perdido a sus seres queridos.\u00a0<\/p>\n<div>Queremos tambi\u00e9n invocar la profunda fe del pueblo ecuatoriano, para que en estos momentos dif\u00edciles renueve su confianza en la misericordia y en el amor de Dios que nunca nos abandona.<\/div>\n<div>\u00a0<\/div>\n<div>Unidos por la fe en el Se\u00f1or Resucitado, extendemos nuestro abrazo fraterno a todos los Obispos del Ecuador que acompa\u00f1an con dolor el sufrimiento de su pueblo, implorando a Dios la fortaleza necesaria para que puedan superar adecuadamente esta dura experiencia.<\/div>\n<div>Solicitar el apoyo de todos los hermanos del Per\u00fa en la colecta especial, promovida por sus respectivos obispos, como gesto concreto de solidaridad en favor de los damnificados.<\/div>\n<div>\u00a0<\/div>\n<div>Confiar a los damnificados y a todos nuestros hermanos del pa\u00eds vecino al maternal cuidado de la Virgen de la Presentaci\u00f3n del Quinche, Patrona de Ecuador.<\/div>\n<div>\u00a0<\/div>\n<div>Lima, 18 de Abril del 2016<\/div>\n<div>\u00a0<\/div>\n<div>La Presidencia<\/div>\n<p><a href=\"http:\/\/web.hilo.org.pe\/wp-content\/uploads\/LOGO CONFERENCIA EPISCOPAL PERUANA.jpg\" target=\"_blank\" rel=\"noopener\">Ver archivo adjunto<\/a><\/p>\n","protected":false},"excerpt":{"rendered":"<p>Queremos dirigirnos a los hermanos del Ecuador que sufren las consecuencias del terremoto del s?bado 16 del presente mes, en nuestra condici?n de pastores de la Iglesia en el Per?, para expresarles lo siguiente:<\/p>\n","protected":false},"author":1,"featured_media":7857,"comment_status":"closed","ping_status":"closed","sticky":false,"template":"","format":"standard","meta":{"footnotes":""},"categories":[9],"tags":[],"class_list":["post-2755","post","type-post","status-publish","format-standard","has-post-thumbnail","hentry","category-noticias"],"_links":{"self":[{"href":"https:\/\/ceas.org.pe\/index.php\/wp-json\/wp\/v2\/posts\/2755","targetHints":{"allow":["GET"]}}],"collection":[{"href":"https:\/\/ceas.org.pe\/index.php\/wp-json\/wp\/v2\/posts"}],"about":[{"href":"https:\/\/ceas.org.pe\/index.php\/wp-json\/wp\/v2\/types\/post"}],"author":[{"embeddable":true,"href":"https:\/\/ceas.org.pe\/index.php\/wp-json\/wp\/v2\/users\/1"}],"replies":[{"embeddable":true,"href":"https:\/\/ceas.org.pe\/index.php\/wp-json\/wp\/v2\/comments?post=2755"}],"version-history":[{"count":1,"href":"https:\/\/ceas.org.pe\/index.php\/wp-json\/wp\/v2\/posts\/2755\/revisions"}],"predecessor-version":[{"id":6463,"href":"https:\/\/ceas.org.pe\/index.php\/wp-json\/wp\/v2\/posts\/2755\/revisions\/6463"}],"wp:featuredmedia":[{"embeddable":true,"href":"https:\/\/ceas.org.pe\/index.php\/wp-json\/wp\/v2\/media\/7857"}],"wp:attachment":[{"href":"https:\/\/ceas.org.pe\/index.php\/wp-json\/wp\/v2\/media?parent=2755"}],"wp:term":[{"taxonomy":"category","embeddable":true,"href":"https:\/\/ceas.org.pe\/index.php\/wp-json\/wp\/v2\/categories?post=2755"},{"taxonomy":"post_tag","embeddable":true,"href":"https:\/\/ceas.org.pe\/index.php\/wp-json\/wp\/v2\/tags?post=2755"}],"curies":[{"name":"wp","href":"https:\/\/api.w.org\/{rel}","templated":true}]}}