{"id":2753,"date":"2016-04-18T11:08:57","date_gmt":"2016-04-18T11:08:57","guid":{"rendered":""},"modified":"2026-03-11T09:12:04","modified_gmt":"2026-03-11T14:12:04","slug":"cursos-sobre-nuevas-tecnologoas-ofrecero-facultad-de-teologoa-en-lima","status":"publish","type":"post","link":"https:\/\/ceas.org.pe\/index.php\/2016\/04\/18\/cursos-sobre-nuevas-tecnologoas-ofrecero-facultad-de-teologoa-en-lima\/","title":{"rendered":"Cursos sobre nuevas tecnolog\u00f3as ofrecer\u00f3 Facultad de Teolog\u00f3a en Lima"},"content":{"rendered":"<p>La Facultad de Teolog\u00eda Pontificia y Civil de Lima, respondiendo al llamado de los fieles que participaron del XX S\u00ednodo Arquidiocesano Limense, ha suscrito un convenio con la asociaci\u00f3n educativa \u201cRepensar Educativo\u201d para el desarrollo de cursos de Nuevas Tecnolog\u00edas de la Informaci\u00f3n, dirigido a los profesionales o estudiantes de la comunicaci\u00f3n, agentes pastorales y p\u00fablico en general que desee profundizar su formaci\u00f3n sobre el \u201ccontinente digital\u201d.<\/p>\n<div>\u00a0<\/div>\n<div>De esta manera a lo largo del a\u00f1o se pondr\u00e1n a disposici\u00f3n cursos libres, talleres y workshop especializados en nuevas tecnolog\u00edas tales como \u201cSocial Media y Estrategia Digital\u201d, \u201cAnal\u00edtica Digital\u201d, \u201c\u00bfC\u00f3mo vender mi marca en redes sociales\u201d, \u201cManejo de blog y microblog\u201d, \u201cLa seguridad en el mundo digital\u201d, entre otros. Los talleres, que tendr\u00e1n una duraci\u00f3n de 6 sesiones de tres horas cada una, contar\u00e1n con la metodolog\u00eda \u201caprende-haciendo\u201d que permite que el alumno desarrolle los objetivos propuestos en cada sesi\u00f3n, para que al final adquiera un proyecto que pueda aplicar al t\u00e9rmino del curso.<\/div>\n<div>\u00a0<\/div>\n<div>El primer curso se iniciar\u00e1 en el mes de mayo, en la sede de la Facultad de Teolog\u00eda Pontificia y Civil de Lima. Los \u00fanicos requisitos son: tener conocimientos b\u00e1sicos y perfiles en redes sociales y nuevas tecnolog\u00edas. Traer una Tablet, laptop o Smartphone para las clases. Las inscripciones se realizan en la Facultad de Teolog\u00eda Pontificia y Civil de Lima (Jr. Carlos Bondy N\u00b0 700, Pueblo Libre). Para mayor informaci\u00f3n comunicarse a los tel\u00e9fonos 461-0013 \u00f3 461-6385 anexo 102 o 113 o escribir al correo electr\u00f3nico: comunicaciones@ftpcl.edu.pe (Fuente: CEP)<\/div>\n<p><a href=\"http:\/\/web.hilo.org.pe\/wp-content\/uploads\/Cursostecnologia.jpg\" target=\"_blank\" rel=\"noopener\">Ver archivo adjunto<\/a><\/p>\n","protected":false},"excerpt":{"rendered":"<p>La Facultad de Teolog?a Pontificia y Civil de Lima, respondiendo al llamado de los fieles que participaron del XX S?nodo Arquidiocesano Limense, ha suscrito un convenio con la asociaci?n educativa ?Repensar Educativo? para el desarrollo de cursos de Nuevas Tecnolog?as de la Informaci?n, dirigido a los profesionales o estudiantes de la comunicaci?n, agentes pastorales y p?blico en general que desee profundizar su formaci?n sobre el ?continente digital?.<\/p>\n","protected":false},"author":1,"featured_media":7965,"comment_status":"closed","ping_status":"closed","sticky":false,"template":"","format":"standard","meta":{"footnotes":""},"categories":[9],"tags":[],"class_list":["post-2753","post","type-post","status-publish","format-standard","has-post-thumbnail","hentry","category-noticias"],"_links":{"self":[{"href":"https:\/\/ceas.org.pe\/index.php\/wp-json\/wp\/v2\/posts\/2753","targetHints":{"allow":["GET"]}}],"collection":[{"href":"https:\/\/ceas.org.pe\/index.php\/wp-json\/wp\/v2\/posts"}],"about":[{"href":"https:\/\/ceas.org.pe\/index.php\/wp-json\/wp\/v2\/types\/post"}],"author":[{"embeddable":true,"href":"https:\/\/ceas.org.pe\/index.php\/wp-json\/wp\/v2\/users\/1"}],"replies":[{"embeddable":true,"href":"https:\/\/ceas.org.pe\/index.php\/wp-json\/wp\/v2\/comments?post=2753"}],"version-history":[{"count":1,"href":"https:\/\/ceas.org.pe\/index.php\/wp-json\/wp\/v2\/posts\/2753\/revisions"}],"predecessor-version":[{"id":6465,"href":"https:\/\/ceas.org.pe\/index.php\/wp-json\/wp\/v2\/posts\/2753\/revisions\/6465"}],"wp:featuredmedia":[{"embeddable":true,"href":"https:\/\/ceas.org.pe\/index.php\/wp-json\/wp\/v2\/media\/7965"}],"wp:attachment":[{"href":"https:\/\/ceas.org.pe\/index.php\/wp-json\/wp\/v2\/media?parent=2753"}],"wp:term":[{"taxonomy":"category","embeddable":true,"href":"https:\/\/ceas.org.pe\/index.php\/wp-json\/wp\/v2\/categories?post=2753"},{"taxonomy":"post_tag","embeddable":true,"href":"https:\/\/ceas.org.pe\/index.php\/wp-json\/wp\/v2\/tags?post=2753"}],"curies":[{"name":"wp","href":"https:\/\/api.w.org\/{rel}","templated":true}]}}