{"id":2752,"date":"2016-04-15T19:04:21","date_gmt":"2016-04-15T19:04:21","guid":{"rendered":""},"modified":"2026-03-11T09:12:04","modified_gmt":"2026-03-11T14:12:04","slug":"galardon-concedido-por-el-rey-felipe-vi-recibio-obispo-del-callao","status":"publish","type":"post","link":"https:\/\/ceas.org.pe\/index.php\/2016\/04\/15\/galardon-concedido-por-el-rey-felipe-vi-recibio-obispo-del-callao\/","title":{"rendered":"Galard\u00f3n concedido por el Rey Felipe VI recibi\u00f3 Obispo del Callao"},"content":{"rendered":"<p>Monse\u00f1or Jos\u00e9 Luis del Palacio, Obispo del Callao, recibi\u00f3 el galard\u00f3n \u201cEncomienda de la Real Orden de Isabel la Cat\u00f3lica\u201d, concedida por el Rey de Espa\u00f1a Felipe VI, por su trabajo a favor de los m\u00e1s pobres y necesitados en Per\u00fa. Este galard\u00f3n, impuesto en la sede del Ministerio del Interior en Madrid por el ministro Jorge Fern\u00e1ndez D\u00edaz, reconoce 40 a\u00f1os de trabajo misionero, en un entorno de pobreza, que \u201cprestigia a Espa\u00f1a y a las relaciones entre Espa\u00f1a y la Rep\u00fablica del Per\u00fa\u201d.<\/p>\n<div>\u00a0<\/div>\n<div>\u00a0<span class=\"Apple-tab-span\" style=\"white-space:pre\">\t<\/span><\/div>\n<div>Monse\u00f1or Jos\u00e9 Luis del Palacio, interpret\u00f3 esta condecoraci\u00f3n como \u00abun reconocimiento a tantos misioneros y familias espa\u00f1olas en misi\u00f3n que, a trav\u00e9s de su dedicaci\u00f3n desinteresada a los dem\u00e1s, anuncian a Cristo y entregan su vida a los m\u00e1s pobres y necesitados y de esta forma tambi\u00e9n honran y engrandecen a Espa\u00f1a en el extranjero\u201d.<\/div>\n<div>\u00a0<\/div>\n<div>\u201cAcepto este honor no buscado, con humildad y confiado que todo pueda ser para mayor gloria de Dios\u201d, afirm\u00f3, y explic\u00f3 que su \u00fanico m\u00e9rito fue \u201chaber trabajado, durante toda una vida, de laico, sacerdote y obispo, en pro de la evangelizaci\u00f3n, de los familias y de los m\u00e1s pobres y necesitados, cumpliendo as\u00ed el mandato de Cristo\u201d. \u201cLa \u00fanica raz\u00f3n de mi larga estancia en tantos lugares de Espa\u00f1a y sobre todo del Per\u00fa, ha sido por ser sacerdote y misionero. Y la decisi\u00f3n no la tom\u00e9 yo. La providencia de Dios, expresada por los responsables del Camino Neocatecumenal y posteriormente por el Papa Benedicto XVI\u201d, se\u00f1al\u00f3. (Fuente: CEP)<\/div>\n<div>\u00a0<\/div>\n<p><a href=\"http:\/\/web.hilo.org.pe\/wp-content\/uploads\/Galardon.jpg\" target=\"_blank\" rel=\"noopener\">Ver archivo adjunto<\/a><\/p>\n","protected":false},"excerpt":{"rendered":"<p>Monse?or Jos? Luis del Palacio, Obispo del Callao, recibi? el galard?n ?Encomienda de la Real Orden de Isabel la Cat?lica?, concedida por el Rey de Espa?a Felipe VI, por su trabajo a favor de los m?s pobres y necesitados en Per?. Este galard?n, impuesto en la sede del Ministerio del Interior en Madrid por el ministro Jorge Fern?ndez D?az, reconoce 40 a?os de trabajo misionero, en un entorno de pobreza, que ?prestigia a Espa?a y a las relaciones entre Espa?a y la Rep?blica del Per??.<\/p>\n","protected":false},"author":1,"featured_media":0,"comment_status":"closed","ping_status":"closed","sticky":false,"template":"","format":"standard","meta":{"footnotes":""},"categories":[9],"tags":[],"class_list":["post-2752","post","type-post","status-publish","format-standard","hentry","category-noticias"],"_links":{"self":[{"href":"https:\/\/ceas.org.pe\/index.php\/wp-json\/wp\/v2\/posts\/2752","targetHints":{"allow":["GET"]}}],"collection":[{"href":"https:\/\/ceas.org.pe\/index.php\/wp-json\/wp\/v2\/posts"}],"about":[{"href":"https:\/\/ceas.org.pe\/index.php\/wp-json\/wp\/v2\/types\/post"}],"author":[{"embeddable":true,"href":"https:\/\/ceas.org.pe\/index.php\/wp-json\/wp\/v2\/users\/1"}],"replies":[{"embeddable":true,"href":"https:\/\/ceas.org.pe\/index.php\/wp-json\/wp\/v2\/comments?post=2752"}],"version-history":[{"count":1,"href":"https:\/\/ceas.org.pe\/index.php\/wp-json\/wp\/v2\/posts\/2752\/revisions"}],"predecessor-version":[{"id":6466,"href":"https:\/\/ceas.org.pe\/index.php\/wp-json\/wp\/v2\/posts\/2752\/revisions\/6466"}],"wp:attachment":[{"href":"https:\/\/ceas.org.pe\/index.php\/wp-json\/wp\/v2\/media?parent=2752"}],"wp:term":[{"taxonomy":"category","embeddable":true,"href":"https:\/\/ceas.org.pe\/index.php\/wp-json\/wp\/v2\/categories?post=2752"},{"taxonomy":"post_tag","embeddable":true,"href":"https:\/\/ceas.org.pe\/index.php\/wp-json\/wp\/v2\/tags?post=2752"}],"curies":[{"name":"wp","href":"https:\/\/api.w.org\/{rel}","templated":true}]}}