{"id":2751,"date":"2016-04-15T18:52:22","date_gmt":"2016-04-15T18:52:22","guid":{"rendered":""},"modified":"2026-03-11T09:12:04","modified_gmt":"2026-03-11T14:12:04","slug":"web-especial-por-la-53-jornada-mundial-de-oracoon-por-las-vocaciones","status":"publish","type":"post","link":"https:\/\/ceas.org.pe\/index.php\/2016\/04\/15\/web-especial-por-la-53-jornada-mundial-de-oracoon-por-las-vocaciones\/","title":{"rendered":"Web especial por la 53 Jornada Mundial de Orac\u00f3\u00f3n por las Vocaciones"},"content":{"rendered":"<div>Con motivo de celebrar este domingo 17 de abril, IV Domingo de Pascua, la 53\u00aa Jornada Mundial de Oraci\u00f3n por las Vocaciones, la Oficina de Prensa de la Conferencia Episcopal Peruana ha elaborado un especial virtual para conmemorar esta celebraci\u00f3n, que este a\u00f1o tiene como lema: \u201cLa Iglesia, madre de vocaciones\u201d.<\/div>\n<div>\u00a0<\/div>\n<div>A trav\u00e9s del link: www.iglesiacatolica.org.pe\/jmov2016.htm \u00a0las personas podr\u00e1n conocer detalles de esta celebraci\u00f3n, como el Mensaje del Papa Francisco para la 53\u00aa Jornada Mundial de Oraci\u00f3n por las Vocaciones, as\u00ed como los materiales elaborados en el Per\u00fa para promover esta jornada, como es: La Gu\u00eda Metodol\u00f3gica Vocacional, el afiche, d\u00edptico y una estampa con una oraci\u00f3n.<\/div>\n<p><a href=\"http:\/\/web.hilo.org.pe\/wp-content\/uploads\/web.jpg\" target=\"_blank\" rel=\"noopener\">Ver archivo adjunto<\/a><\/p>\n","protected":false},"excerpt":{"rendered":"<p>Con motivo de celebrar este domingo 17 de abril, IV Domingo de Pascua, la 53? Jornada Mundial de Oraci?n por las Vocaciones, la Oficina de Prensa de la Conferencia Episcopal Peruana ha elaborado un especial virtual para conmemorar esta celebraci?n, que este a?o tiene como lema: ?La Iglesia, madre de vocaciones?.<\/p>\n","protected":false},"author":1,"featured_media":0,"comment_status":"closed","ping_status":"closed","sticky":false,"template":"","format":"standard","meta":{"footnotes":""},"categories":[9],"tags":[],"class_list":["post-2751","post","type-post","status-publish","format-standard","hentry","category-noticias"],"_links":{"self":[{"href":"https:\/\/ceas.org.pe\/index.php\/wp-json\/wp\/v2\/posts\/2751","targetHints":{"allow":["GET"]}}],"collection":[{"href":"https:\/\/ceas.org.pe\/index.php\/wp-json\/wp\/v2\/posts"}],"about":[{"href":"https:\/\/ceas.org.pe\/index.php\/wp-json\/wp\/v2\/types\/post"}],"author":[{"embeddable":true,"href":"https:\/\/ceas.org.pe\/index.php\/wp-json\/wp\/v2\/users\/1"}],"replies":[{"embeddable":true,"href":"https:\/\/ceas.org.pe\/index.php\/wp-json\/wp\/v2\/comments?post=2751"}],"version-history":[{"count":1,"href":"https:\/\/ceas.org.pe\/index.php\/wp-json\/wp\/v2\/posts\/2751\/revisions"}],"predecessor-version":[{"id":6467,"href":"https:\/\/ceas.org.pe\/index.php\/wp-json\/wp\/v2\/posts\/2751\/revisions\/6467"}],"wp:attachment":[{"href":"https:\/\/ceas.org.pe\/index.php\/wp-json\/wp\/v2\/media?parent=2751"}],"wp:term":[{"taxonomy":"category","embeddable":true,"href":"https:\/\/ceas.org.pe\/index.php\/wp-json\/wp\/v2\/categories?post=2751"},{"taxonomy":"post_tag","embeddable":true,"href":"https:\/\/ceas.org.pe\/index.php\/wp-json\/wp\/v2\/tags?post=2751"}],"curies":[{"name":"wp","href":"https:\/\/api.w.org\/{rel}","templated":true}]}}