{"id":2749,"date":"2016-04-13T19:05:56","date_gmt":"2016-04-13T19:05:56","guid":{"rendered":""},"modified":"2026-03-11T09:12:04","modified_gmt":"2026-03-11T14:12:04","slug":"celam-visita-las-conferencias-episcopales-de-amorica-latina-y-caribe","status":"publish","type":"post","link":"https:\/\/ceas.org.pe\/index.php\/2016\/04\/13\/celam-visita-las-conferencias-episcopales-de-amorica-latina-y-caribe\/","title":{"rendered":"CELAM visita las Conferencias Episcopales de Am\u00f3rica Latina y Caribe"},"content":{"rendered":"<p>Bogot\u00e1, Colombia (EVARED).- El secretario general del CELAM, Monse\u00f1or Juan Espinoza, realiz\u00f3 en d\u00edas pasados una visita a M\u00e9xico con la finalidad de acompa\u00f1ar a los obispos que se reunieron en su Asamblea Plenaria en la que se llev\u00f3 a cabo la elecci\u00f3n y cambio de nuevos directivos. Esta visita hace parte del compromiso asumido por el CELAM \u00a0de acompa\u00f1ar \u00aba las Conferencias Episcopales\u00bb y mantener una relaci\u00f3n permanente, \u00abofreci\u00e9ndoles los servicios que presta el CELAM, tanto desde los Departamentos como del CEBITEPAL, y acompa\u00f1\u00e1ndolas en el estudio de su realidad social y eclesial para descubrir los desaf\u00edos y respuestas pastorales con miras a la conversi\u00f3n pastoral y al di\u00e1logo con el mundo.\u00bb<\/p>\n<p>A m\u00e1s de la visita ha M\u00e9xico, en estos d\u00edas el representante del CELAM se encuentra en Brasi, en donde los obispos participan tambi\u00e9n de su 54\u00b0 Asamblea Plenaria. Brasil es la iglesia a la que el Papa Francisco visit\u00f3 por primera vez, en su pontificado, con motivo de la Jornada mundial de la juventud que tuvo la sede en ese pa\u00eds. Para la visita que es fraterna y en el esp\u00edritu de colegialidad y comuni\u00f3n, le acompa\u00f1a el Padre Cesar Braga de Paula, sacerdote responsable del departamento de vocaciones y ministerios DEVYN.<\/p>\n<div>El objetivo de estas visitas, seg\u00fan el programa que lleva adelante la secretar\u00eda general del CELAM \u00a0es \u00abmantener una relaci\u00f3n continua con las Conferencias Episcopales, aspecto que parece clave tomando en cuenta que el Consejo Episcopal latinoamericano es el \u00f3rgano representativos de las 22 Conferencias Episcopales de los 22 pa\u00edses de Am\u00e9rica latina y al Caribe, organismo nacido hace 60 a\u00f1os. Adicionalmente se aprovecha estas visitas para ofrecer a los episcopados de los diversos pa\u00edses los servicios \u00abque parten desde el an\u00e1lisis de una realidad social y eclesial de Am\u00e9rica latina y el Caribe. Siendo el consejo con sus departamentos y Escuelas, instancias de la Iglesia latinoamericana para servir a la misma Iglesia latinoamericana partiendo desde la realidad social y eclesial para contribuir en su desarrollo y en el afrontamiento o soluci\u00f3n de los desaf\u00edos pastorales\u00bb.<\/div>\n<div>\u00a0<\/div>\n<div>Seg\u00fan se explica, este compromiso de acompa\u00f1amiento busca tambi\u00e9n \u00abaportar para la soluci\u00f3n de los desaf\u00edos pastorales, y tiene que ver con acompa\u00f1ar en el estudio de la realidad social y eclesial a cada pa\u00eds, o a cada Conferencia Episcopal\u00bb.<\/div>\n<div>\u00a0<\/div>\n<div>Fuente: Departamento de comunicaci\u00f3n y prensa CELAM<\/div>\n<p><a href=\"http:\/\/web.hilo.org.pe\/wp-content\/uploads\/conferencasepiscopales.png\" target=\"_blank\" rel=\"noopener\">Ver archivo adjunto<\/a><\/p>\n","protected":false},"excerpt":{"rendered":"<p>Bogot?, Colombia (EVARED).- El secretario general del CELAM, Monse?or Juan Espinoza, realiz? en d?as pasados una visita a M?xico con la finalidad de acompa?ar a los obispos que se reunieron en su Asamblea Plenaria en la que se llev? a cabo la elecci?n y cambio de nuevos directivos.<\/p>\n","protected":false},"author":1,"featured_media":0,"comment_status":"closed","ping_status":"closed","sticky":false,"template":"","format":"standard","meta":{"footnotes":""},"categories":[9],"tags":[],"class_list":["post-2749","post","type-post","status-publish","format-standard","hentry","category-noticias"],"_links":{"self":[{"href":"https:\/\/ceas.org.pe\/index.php\/wp-json\/wp\/v2\/posts\/2749","targetHints":{"allow":["GET"]}}],"collection":[{"href":"https:\/\/ceas.org.pe\/index.php\/wp-json\/wp\/v2\/posts"}],"about":[{"href":"https:\/\/ceas.org.pe\/index.php\/wp-json\/wp\/v2\/types\/post"}],"author":[{"embeddable":true,"href":"https:\/\/ceas.org.pe\/index.php\/wp-json\/wp\/v2\/users\/1"}],"replies":[{"embeddable":true,"href":"https:\/\/ceas.org.pe\/index.php\/wp-json\/wp\/v2\/comments?post=2749"}],"version-history":[{"count":1,"href":"https:\/\/ceas.org.pe\/index.php\/wp-json\/wp\/v2\/posts\/2749\/revisions"}],"predecessor-version":[{"id":6469,"href":"https:\/\/ceas.org.pe\/index.php\/wp-json\/wp\/v2\/posts\/2749\/revisions\/6469"}],"wp:attachment":[{"href":"https:\/\/ceas.org.pe\/index.php\/wp-json\/wp\/v2\/media?parent=2749"}],"wp:term":[{"taxonomy":"category","embeddable":true,"href":"https:\/\/ceas.org.pe\/index.php\/wp-json\/wp\/v2\/categories?post=2749"},{"taxonomy":"post_tag","embeddable":true,"href":"https:\/\/ceas.org.pe\/index.php\/wp-json\/wp\/v2\/tags?post=2749"}],"curies":[{"name":"wp","href":"https:\/\/api.w.org\/{rel}","templated":true}]}}