{"id":2747,"date":"2016-04-12T10:48:59","date_gmt":"2016-04-12T10:48:59","guid":{"rendered":""},"modified":"2026-03-11T09:12:04","modified_gmt":"2026-03-11T14:12:04","slug":"pero-jornada-mundial-de-oracion-por-las-vocaciones","status":"publish","type":"post","link":"https:\/\/ceas.org.pe\/index.php\/2016\/04\/12\/pero-jornada-mundial-de-oracion-por-las-vocaciones\/","title":{"rendered":"Per\u00f3: Jornada Mundial de Oraci\u00f3n por las Vocaciones"},"content":{"rendered":"<div>El pr\u00f3ximo 17 de abril, se celebrar\u00e1 la 53\u00aa Jornada Mundial de Oraci\u00f3n por las Vocaciones. Esta celebraci\u00f3n es animada en el Per\u00fa por la Comisi\u00f3n Episcopal de Vocaciones y Ministerios. En esta Jornada de reflexi\u00f3n, que tendr\u00e1 como lema: \u201cLa Iglesia, madre de vocaciones\u201d, los fieles podr\u00e1n unirse para elevar sus plegarias al Se\u00f1or y pedir para que a trav\u00e9s de las vocaciones el Se\u00f1or env\u00ede m\u00e1s obreros a su mies.<\/div>\n<div>\u00a0<\/div>\n<div>Para difundir la Jornada de Oraci\u00f3n, la Comisi\u00f3n Episcopal de Vocaciones y Ministerios ha elaborado subsidios: Gu\u00eda Metodol\u00f3gica Vocacional, el Mensaje del Papa Francisco para la Jornada Mundial de Oraci\u00f3n por las Vocaciones y estampas con una Oraci\u00f3n por las Vocaciones. Todo este material ya ha sido compartido con diferentes comunidades y parroquias para promover el esp\u00edritu de oraci\u00f3n por las vocaciones.<\/div>\n<div>\u00a0<\/div>\n<div>En la presentaci\u00f3n de la Gu\u00eda Metodol\u00f3gica, Monse\u00f1or Marco Antonio Cortez Lara, Obispo de Tacna y Moquegua y Presidente de la Comisi\u00f3n Episcopal de Vocaciones y Ministerios dice que el Jubileo Extraordinario de la Misericordia, nos invita a reflexionar en la \u201cmisericordia con la que Dios nos ha mirado y llamado\u201d, y constantemente sigue llamando al camino de la Vida Consagrada.<\/div>\n<div>\u00a0<\/div>\n<div>\u201cEs de todos sabido los grandes retos y cuestionamientos que atravesamos, no s\u00f3lo en la vivencia fiel de nuestra propia vocaci\u00f3n sino tambi\u00e9n en nuestra labor de Promotores Vocacionales -tarea de todos-, muchos creen que hablar hoy a un joven, a un adolescente, sobre el seguimiento radical al Se\u00f1or es en vano\u201d, se\u00f1al\u00f3.<\/div>\n<div>\u00a0<\/div>\n<div>Por ello, dijo que en esta Gu\u00eda Metodol\u00f3gica Vocacional entre sus art\u00edculos, recuerda las palabras del Papa Francisco donde dice que \u201cToda vocaci\u00f3n en la Iglesia tiene su origen en la mirada compasiva de Jes\u00fas\u201d, por ello se puede hablar de Los Fundamentos Teol\u00f3gicos para una pastoral vocacional\u201d. Asimismo, el Santo Padre indica que \u201cLa vocaci\u00f3n crece en la Iglesia\u201d y \u201ces sostenida por la Iglesia\u201d (\u2026).<\/div>\n<div>\u00a0<\/div>\n<div>\u00a0<\/div>\n<div>\u00a0<\/div>\n<div>Esto resalta la gran responsabilidad de todo cristiano en colaborar con el Due\u00f1o de la mies que llama a los que \u00c9l quiere, nos corresponde acompa\u00f1ar con nuestras oraciones ofreci\u00e9ndoles un adecuado Discernimiento espiritual, cuyas pautas se les ofrece en esta gu\u00eda.\u00a0<\/div>\n<div>\u00a0<\/div>\n<div>\u201cDe este modo, podremos ser testigos de los frutos de la Buena semilla, cuyos modelos de respuesta nos presenta la Sagrada Escritura. Junto a esos modelos, los Testimonios de los consagrados, fieles al don recibido, no cabe duda que se tornan en la mejor promoci\u00f3n vocacional. Por \u00faltimo, aprovechemos de las Lectios Divinas Vocacionales, que se les ofrece para seguir contagiando el gusto de estar con Dios, para servir mejor al pr\u00f3jimo\u201d, concluy\u00f3. (Fuente: CEP)<\/div>\n<div>\u00a0<\/div>\n<p><a href=\"http:\/\/web.hilo.org.pe\/wp-content\/uploads\/Jornadavocaciones.jpg\" target=\"_blank\" rel=\"noopener\">Ver archivo adjunto<\/a><\/p>\n","protected":false},"excerpt":{"rendered":"<p>El pr?ximo 17 de abril, se celebrar? la 53? Jornada Mundial de Oraci?n por las Vocaciones. Esta celebraci?n es animada en el Per? por la Comisi?n Episcopal de Vocaciones y Ministerios. En esta Jornada de reflexi?n, que tendr? como lema: ?La Iglesia, madre de vocaciones?, los fieles podr?n unirse para elevar sus plegarias al Se?or y pedir para que a trav?s de las vocaciones el Se?or env?e m?s obreros a su mies.<\/p>\n","protected":false},"author":1,"featured_media":0,"comment_status":"closed","ping_status":"closed","sticky":false,"template":"","format":"standard","meta":{"footnotes":""},"categories":[9],"tags":[],"class_list":["post-2747","post","type-post","status-publish","format-standard","hentry","category-noticias"],"_links":{"self":[{"href":"https:\/\/ceas.org.pe\/index.php\/wp-json\/wp\/v2\/posts\/2747","targetHints":{"allow":["GET"]}}],"collection":[{"href":"https:\/\/ceas.org.pe\/index.php\/wp-json\/wp\/v2\/posts"}],"about":[{"href":"https:\/\/ceas.org.pe\/index.php\/wp-json\/wp\/v2\/types\/post"}],"author":[{"embeddable":true,"href":"https:\/\/ceas.org.pe\/index.php\/wp-json\/wp\/v2\/users\/1"}],"replies":[{"embeddable":true,"href":"https:\/\/ceas.org.pe\/index.php\/wp-json\/wp\/v2\/comments?post=2747"}],"version-history":[{"count":1,"href":"https:\/\/ceas.org.pe\/index.php\/wp-json\/wp\/v2\/posts\/2747\/revisions"}],"predecessor-version":[{"id":6471,"href":"https:\/\/ceas.org.pe\/index.php\/wp-json\/wp\/v2\/posts\/2747\/revisions\/6471"}],"wp:attachment":[{"href":"https:\/\/ceas.org.pe\/index.php\/wp-json\/wp\/v2\/media?parent=2747"}],"wp:term":[{"taxonomy":"category","embeddable":true,"href":"https:\/\/ceas.org.pe\/index.php\/wp-json\/wp\/v2\/categories?post=2747"},{"taxonomy":"post_tag","embeddable":true,"href":"https:\/\/ceas.org.pe\/index.php\/wp-json\/wp\/v2\/tags?post=2747"}],"curies":[{"name":"wp","href":"https:\/\/api.w.org\/{rel}","templated":true}]}}