{"id":2744,"date":"2016-04-11T20:27:44","date_gmt":"2016-04-11T20:27:44","guid":{"rendered":""},"modified":"2026-03-11T09:12:04","modified_gmt":"2026-03-11T14:12:04","slug":"francisco-clama-por-la-abolicion-de-la-guerra","status":"publish","type":"post","link":"https:\/\/ceas.org.pe\/index.php\/2016\/04\/11\/francisco-clama-por-la-abolicion-de-la-guerra\/","title":{"rendered":"Francisco clama por la abolici\u00f3n de la guerra"},"content":{"rendered":"<p>(ZENIT \u2013 Ciudad del Vaticano).- Es necesario trabajar por una paz verdadera a trav\u00e9s del encuentro entre personas concretas y la reconciliaci\u00f3n entre los pueblos y grupos que se afronta desde posiciones ideol\u00f3gicas opuestas y comprometerse para alcanzar esa justicia de la que las personas, las familias, los pueblos y las naciones sienten tener derecho, en el plano social, pol\u00edtico y econ\u00f3mico para cumplir su parte en el mundo.<\/p>\n<p>Lo ha indicado el papa Francisco en el mensaje enviado a los participantes de la Conferencia que se celebra en Roma sobre el tema: La no violencia y la paz justa: contribuir a la comprensi\u00f3n cat\u00f3lica y el compromiso con la no violencia. Seg\u00fan ha asegurado el Santo Padre, el encuentro, que ha sido organizado por el Pontificio Consejo de Justicia y Paz y el Movimiento Pax Christi, adquiere un car\u00e1cter y un valor particular en el A\u00f1o Jubilar de la Misericordia.<\/p>\n<div>Por otro lado, el Pont\u00edfice asegura que es necesario renovar todos los instrumentos aptos a concretar la aspiraci\u00f3n a la justicia y a la paz de los hombres y de los mujeres de hoy.<\/div>\n<div>Del mismo modo, recuerda que es fin \u00faltimo y m\u00e1s digno de la persona humana y de la comunidad es la abolici\u00f3n de la guerra.<\/div>\n<div>\u00a0<\/div>\n<div>Tambi\u00e9n precisa que como cristianos \u201csabemos que solamente considerando a nuestro iguales como hermanos y hermanos podremos superar guerras y conflictos\u201d. La Iglesia \u2013a\u00f1ade\u2013 no se cansa de repetir que esto vale no solo a nivel individual sino tambi\u00e9n a nivel de pueblos y naciones, tanto que considera la comunidad internacional como la \u201cfamilia de las naciones\u201d.<\/div>\n<div>\u00a0<\/div>\n<div>Haciendo referencia al Mensaje para la Jornada mundial de la Paz de este a\u00f1o, el Santo Padre subraya su llamamiento a los responsables de los Estados para que renueven \u201csus relaciones con los otros pueblos, permitiendo a todos una participaci\u00f3n efectiva e inclusi\u00f3n a la vida de la comunidad internacional, para que se realice la fraternidad tambi\u00e9n dentro de la familia de las naciones\u201d. Como cristianos \u2013asevera\u2013 sabemos tambi\u00e9n que el gran obst\u00e1culo que hay que eliminar para que esto suceda es el del muro de la indiferencia. Y la cr\u00f3nica de los tiempos recientes, indica el Santo Padre, demuestra que si habla de muro no es solo para usar un lenguaje figurado, sino porque se trata de una triste realidad.<\/div>\n<div>\u00a0<\/div>\n<div>Al respecto, el Pont\u00edfice se\u00f1ala que esta realidad de la indiferencia afecta no solo a los seres humanos, sino tambi\u00e9n \u201cal ambiente natural con consecuencias a menudo nefastas en t\u00e9rminos de seguridad y paz social\u201d.<\/div>\n<div>\u00a0<\/div>\n<div>Por eso, precisa que el compromiso para superar la indiferencia tendr\u00e1 \u00e9xito solo si, imitando al Padre, seremos capaces de usar misericordia. Esa misericordia \u201cque encuentra en la solidaridad su expresi\u00f3n, por as\u00ed decir, pol\u00edtica, ya que la solidaridad constituye la actitud moral y social que responde mejor a la toma de conciencia de las plagas de nuestro tiempo y de la inter-dependencia entre la vida del individuo y de la comunidad familiar, local y global\u201d.<\/div>\n<div>De este modo, el Santo Padre invita al desarme integral \u201ccreando puentes, combatiendo el miedo y llevando adelante el di\u00e1logo sincero y verdaderamente arduo\u201d.<\/div>\n<div>\u00a0<\/div>\n<div>Al concluir su mensaje, Francisco renueva dos peticiones que ya ha pedido a los responsables de los Estados en este A\u00f1o Jubilar: la abolici\u00f3n de la pena de muerte y la posibilidad de una amnist\u00eda, y la cancelaci\u00f3n o la gesti\u00f3n sostenible de la deuda internacional de los Estados m\u00e1s pobres.<\/div>\n<div>\u00a0<\/div>\n<div>Fuente: es.zenit.org<\/div>\n<p><a href=\"http:\/\/web.hilo.org.pe\/wp-content\/uploads\/Aboliciondelaguerra.jpg\" target=\"_blank\" rel=\"noopener\">Ver archivo adjunto<\/a><\/p>\n","protected":false},"excerpt":{"rendered":"<p>(ZENIT ? Ciudad del Vaticano).- Es necesario trabajar por una paz verdadera a trav?s del encuentro entre personas concretas y la reconciliaci?n entre los pueblos y grupos que se afronta desde posiciones ideol?gicas opuestas y comprometerse para alcanzar esa justicia de la que las personas, las familias, los pueblos y las naciones sienten tener derecho, en el plano social, pol?tico y econ?mico para cumplir su parte en el mundo.<\/p>\n","protected":false},"author":1,"featured_media":0,"comment_status":"closed","ping_status":"closed","sticky":false,"template":"","format":"standard","meta":{"footnotes":""},"categories":[9],"tags":[],"class_list":["post-2744","post","type-post","status-publish","format-standard","hentry","category-noticias"],"_links":{"self":[{"href":"https:\/\/ceas.org.pe\/index.php\/wp-json\/wp\/v2\/posts\/2744","targetHints":{"allow":["GET"]}}],"collection":[{"href":"https:\/\/ceas.org.pe\/index.php\/wp-json\/wp\/v2\/posts"}],"about":[{"href":"https:\/\/ceas.org.pe\/index.php\/wp-json\/wp\/v2\/types\/post"}],"author":[{"embeddable":true,"href":"https:\/\/ceas.org.pe\/index.php\/wp-json\/wp\/v2\/users\/1"}],"replies":[{"embeddable":true,"href":"https:\/\/ceas.org.pe\/index.php\/wp-json\/wp\/v2\/comments?post=2744"}],"version-history":[{"count":1,"href":"https:\/\/ceas.org.pe\/index.php\/wp-json\/wp\/v2\/posts\/2744\/revisions"}],"predecessor-version":[{"id":6474,"href":"https:\/\/ceas.org.pe\/index.php\/wp-json\/wp\/v2\/posts\/2744\/revisions\/6474"}],"wp:attachment":[{"href":"https:\/\/ceas.org.pe\/index.php\/wp-json\/wp\/v2\/media?parent=2744"}],"wp:term":[{"taxonomy":"category","embeddable":true,"href":"https:\/\/ceas.org.pe\/index.php\/wp-json\/wp\/v2\/categories?post=2744"},{"taxonomy":"post_tag","embeddable":true,"href":"https:\/\/ceas.org.pe\/index.php\/wp-json\/wp\/v2\/tags?post=2744"}],"curies":[{"name":"wp","href":"https:\/\/api.w.org\/{rel}","templated":true}]}}