{"id":2742,"date":"2016-04-08T11:09:12","date_gmt":"2016-04-08T11:09:12","guid":{"rendered":""},"modified":"2026-03-11T09:12:04","modified_gmt":"2026-03-11T14:12:04","slug":"cardenal-hummes-el-planeta-tierra-no-aguanta-mos","status":"publish","type":"post","link":"https:\/\/ceas.org.pe\/index.php\/2016\/04\/08\/cardenal-hummes-el-planeta-tierra-no-aguanta-mos\/","title":{"rendered":"Cardenal Hummes: \u00abEl planeta Tierra no aguanta m\u00f3s&#8230;\u00bb"},"content":{"rendered":"<p>Uno de los cardenales m\u00e1s cercanos al papa Francisco, el arzobispo em\u00e9rito de San Pablo (Brasil) Claudio Hummes, advirti\u00f3 \u00a0sobre las consecuencias de la \u00abdeforestaci\u00f3n sistem\u00e1tica\u00bb y la \u00abminer\u00eda sin control\u00bb, durante una videoconferencia en ocasi\u00f3n del D\u00eda Mundial del Agua en el estadio Obras Sanitarias de la Capital Federal.<\/p>\n<div>\u00a0<\/div>\n<div>Hummes, quien le dijo a Jorge Bergoglio cuando fue elegido Papa que se ocupara de los pobres, alert\u00f3 que esas acciones atentan contra la \u00absupervivencia de las personas\u00bb.<\/div>\n<div>\u00a0<\/div>\n<div>Mientras que en esa l\u00ednea, asegur\u00f3 que el planeta Tierra \u00abno aguanta m\u00e1s la desvariada intervenci\u00f3n humana\u00bb y a\u00f1adi\u00f3 que la \u00abactividad agropecuaria y la miner\u00eda precisan urgentemente ser reglamentadas por leyes que respeten y preserven los ecosistemas\u00bb.<\/div>\n<div>\u00a0<\/div>\n<div>El prelado, en el marco de un encuentro organizado por la Confederaci\u00f3n de Trabajadores del Agua, Saneamiento y Ambiente de las Am\u00e9ricas (Contaguas), bas\u00f3 su exposici\u00f3n en la enc\u00edclica del Sumo Pont\u00edfice \u00abLaudato Si\u00bb, que lleva como subt\u00edtulo \u00abSobre el cuidado de la casa com\u00fan\u00bb.<\/div>\n<div>\u00a0<\/div>\n<div>Hummes, ante un estadio colmado por 2.500 personas, alert\u00f3: \u00abNos estamos acercando peligrosamente al l\u00edmite de la insostenibilidad de nuestro planeta Tierra. Lo afirman, basados en conclusiones cient\u00edficas, la enc\u00edclica Laudato Si del Papa Francisco y el reciente Acuerdo de Par\u00eds de la COP21\u00bb.<\/div>\n<div>\u00a0<\/div>\n<div>El prelado, quien adem\u00e1s inspir\u00f3 al Santo Padre para la adopci\u00f3n del nombre Francisco para su pontificado, destac\u00f3 que \u00abel papa afirma que es necesario y urgente salir de la indiferencia o de las hesitaciones para tomar las decisiones exigidas por la crisis. No se puede esperar m\u00e1s tiempo\u00bb.<\/div>\n<div>\u00a0<\/div>\n<div>\u00abLa deforestaci\u00f3n sistem\u00e1tica practicada por la actividad agropecuaria y la miner\u00eda precisan urgentemente ser reglamentadas por leyes que respeten y preserven los ecosistemas\u00bb, alert\u00f3 en medio de un encuentro al que asistieron, entre otros, los ministros de Ambiente y Trabajo de la Naci\u00f3n, Sergio Bergman y Jorge Triaca, respectivamente.<\/div>\n<div>\u00a0<\/div>\n<div>El prelado record\u00f3 que la enc\u00edclica \u00abLaudato Si subraya: \u00abEl acceso al agua potable y segura es un derecho humano b\u00e1sico, fundamental y universal, porque determina la sobrevivencia de las personas y, por lo tanto, es condici\u00f3n para el ejercicio de los dem\u00e1s derechos humanos\u00bb.<\/div>\n<div>\u00a0<\/div>\n<div>La videoconferencia de Hummes form\u00f3 parte de una iniciativa de la C\u00e1tedra del Di\u00e1logo y de la Cultura del Encuentro, que est\u00e1 auspiciada por el Papa.<\/div>\n<div>\u00a0<\/div>\n<div>Fuente: periodistadigital.com<\/div>\n<p><a href=\"http:\/\/web.hilo.org.pe\/wp-content\/uploads\/hummes-720_560x280.jpg\" target=\"_blank\" rel=\"noopener\">Ver archivo adjunto<\/a><\/p>\n","protected":false},"excerpt":{"rendered":"<p>Uno de los cardenales m?s cercanos al papa Francisco, el arzobispo em?rito de San Pablo (Brasil) Claudio Hummes, advirti?  sobre las consecuencias de la \u00abdeforestaci?n sistem?tica\u00bb y la \u00abminer?a sin control\u00bb, durante una videoconferencia en ocasi?n del D?a Mundial del Agua en el estadio Obras Sanitarias de la Capital Federal.<\/p>\n","protected":false},"author":1,"featured_media":0,"comment_status":"closed","ping_status":"closed","sticky":false,"template":"","format":"standard","meta":{"footnotes":""},"categories":[9],"tags":[],"class_list":["post-2742","post","type-post","status-publish","format-standard","hentry","category-noticias"],"_links":{"self":[{"href":"https:\/\/ceas.org.pe\/index.php\/wp-json\/wp\/v2\/posts\/2742","targetHints":{"allow":["GET"]}}],"collection":[{"href":"https:\/\/ceas.org.pe\/index.php\/wp-json\/wp\/v2\/posts"}],"about":[{"href":"https:\/\/ceas.org.pe\/index.php\/wp-json\/wp\/v2\/types\/post"}],"author":[{"embeddable":true,"href":"https:\/\/ceas.org.pe\/index.php\/wp-json\/wp\/v2\/users\/1"}],"replies":[{"embeddable":true,"href":"https:\/\/ceas.org.pe\/index.php\/wp-json\/wp\/v2\/comments?post=2742"}],"version-history":[{"count":1,"href":"https:\/\/ceas.org.pe\/index.php\/wp-json\/wp\/v2\/posts\/2742\/revisions"}],"predecessor-version":[{"id":6476,"href":"https:\/\/ceas.org.pe\/index.php\/wp-json\/wp\/v2\/posts\/2742\/revisions\/6476"}],"wp:attachment":[{"href":"https:\/\/ceas.org.pe\/index.php\/wp-json\/wp\/v2\/media?parent=2742"}],"wp:term":[{"taxonomy":"category","embeddable":true,"href":"https:\/\/ceas.org.pe\/index.php\/wp-json\/wp\/v2\/categories?post=2742"},{"taxonomy":"post_tag","embeddable":true,"href":"https:\/\/ceas.org.pe\/index.php\/wp-json\/wp\/v2\/tags?post=2742"}],"curies":[{"name":"wp","href":"https:\/\/api.w.org\/{rel}","templated":true}]}}