{"id":2740,"date":"2016-04-06T10:32:59","date_gmt":"2016-04-06T10:32:59","guid":{"rendered":""},"modified":"2026-03-11T09:12:04","modified_gmt":"2026-03-11T14:12:04","slug":"encuentro-nacional-de-coordinadores-nacionales-de-catequesis","status":"publish","type":"post","link":"https:\/\/ceas.org.pe\/index.php\/2016\/04\/06\/encuentro-nacional-de-coordinadores-nacionales-de-catequesis\/","title":{"rendered":"Encuentro Nacional de Coordinadores Nacionales de Catequesis"},"content":{"rendered":"<div>Del 18 al 21 de abril, la Secci\u00f3n de Catequesis de la Comisi\u00f3n Episcopal de Misi\u00f3n y Espiritualidad de la Conferencia Episcopal Peruana, llevar\u00e1 a cabo en Lima el III Encuentro Nacional de Coordinadores Diocesanos de Catequesis, que tiene como objetivo realizar una reflexi\u00f3n conjunta sobre los criterios y aplicaci\u00f3n de la Iniciaci\u00f3n Cristiana, en particular la Etapa Misionera.<\/div>\n<div>\u00a0<\/div>\n<div>El evento se realizar\u00e1 en la Casa de Retiro de las Hermanas Dominicas del Rosario, ubicado en la Av. Brasil 2474, en el distrito de Pueblo Libre, y contar\u00e1 con la ponencia del Hermano Israel Nery, Religioso La Salle y Miembro de la Sociedad de Catequetas Latinoamericanos &#8211; SCALA.<\/div>\n<div>\u00a0<\/div>\n<div>En este encuentro podr\u00e1n participar Obispos, Coordinadores Diocesanos de Catequesis y los Directores de las Escuelas Diocesanas de formaci\u00f3n de Catequistas. Para mayores informes e inscripciones, pueden comunicarse a la Comisi\u00f3n Episcopal de Misi\u00f3n y Espiritualidad, al tel\u00e9fono: 4631010 anexo 251. (Fuente CEP)\u00a0<\/div>\n<p><a href=\"http:\/\/web.hilo.org.pe\/wp-content\/uploads\/Encuentro Nacional de Coordinadores.jpg\" target=\"_blank\" rel=\"noopener\">Ver archivo adjunto<\/a><\/p>\n","protected":false},"excerpt":{"rendered":"<p>Del 18 al 21 de abril, la Secci?n de Catequesis de la Comisi?n Episcopal de Misi?n y Espiritualidad de la Conferencia Episcopal Peruana, llevar? a cabo en Lima el III Encuentro Nacional de Coordinadores Diocesanos de Catequesis, que tiene como objetivo realizar una reflexi?n conjunta sobre los criterios y aplicaci?n de la Iniciaci?n Cristiana, en particular la Etapa Misionera.<\/p>\n","protected":false},"author":1,"featured_media":7862,"comment_status":"closed","ping_status":"closed","sticky":false,"template":"","format":"standard","meta":{"footnotes":""},"categories":[9],"tags":[],"class_list":["post-2740","post","type-post","status-publish","format-standard","has-post-thumbnail","hentry","category-noticias"],"_links":{"self":[{"href":"https:\/\/ceas.org.pe\/index.php\/wp-json\/wp\/v2\/posts\/2740","targetHints":{"allow":["GET"]}}],"collection":[{"href":"https:\/\/ceas.org.pe\/index.php\/wp-json\/wp\/v2\/posts"}],"about":[{"href":"https:\/\/ceas.org.pe\/index.php\/wp-json\/wp\/v2\/types\/post"}],"author":[{"embeddable":true,"href":"https:\/\/ceas.org.pe\/index.php\/wp-json\/wp\/v2\/users\/1"}],"replies":[{"embeddable":true,"href":"https:\/\/ceas.org.pe\/index.php\/wp-json\/wp\/v2\/comments?post=2740"}],"version-history":[{"count":1,"href":"https:\/\/ceas.org.pe\/index.php\/wp-json\/wp\/v2\/posts\/2740\/revisions"}],"predecessor-version":[{"id":6478,"href":"https:\/\/ceas.org.pe\/index.php\/wp-json\/wp\/v2\/posts\/2740\/revisions\/6478"}],"wp:featuredmedia":[{"embeddable":true,"href":"https:\/\/ceas.org.pe\/index.php\/wp-json\/wp\/v2\/media\/7862"}],"wp:attachment":[{"href":"https:\/\/ceas.org.pe\/index.php\/wp-json\/wp\/v2\/media?parent=2740"}],"wp:term":[{"taxonomy":"category","embeddable":true,"href":"https:\/\/ceas.org.pe\/index.php\/wp-json\/wp\/v2\/categories?post=2740"},{"taxonomy":"post_tag","embeddable":true,"href":"https:\/\/ceas.org.pe\/index.php\/wp-json\/wp\/v2\/tags?post=2740"}],"curies":[{"name":"wp","href":"https:\/\/api.w.org\/{rel}","templated":true}]}}