{"id":2738,"date":"2016-04-05T10:21:53","date_gmt":"2016-04-05T10:21:53","guid":{"rendered":""},"modified":"2026-03-11T09:12:04","modified_gmt":"2026-03-11T14:12:04","slug":"papa-convoca-una-colecta-para-ucrania-para-el-24-de-abril","status":"publish","type":"post","link":"https:\/\/ceas.org.pe\/index.php\/2016\/04\/05\/papa-convoca-una-colecta-para-ucrania-para-el-24-de-abril\/","title":{"rendered":"Papa convoca una colecta para Ucrania para el 24 de abril"},"content":{"rendered":"<p>(ZENIT \u2013 Ciudad del Vaticano).- El papa Francisco ha mostrado una vez m\u00e1s su cercan\u00eda traducida en ayuda concreta hacia un pa\u00eds que sufre la violencia desde hace mucho tiempo, Ucrania. En la oraci\u00f3n de este domingo del Regina Coeli, el Pont\u00edfice dedic\u00f3 unas palabras al drama que este pa\u00eds est\u00e1 viviendo y a todos aquellos \u201cque se quedan en las tierras golpeadas por las hostilidades que han causado ya varios miles de muertos\u201d, y al \u201cm\u00e1s de un mill\u00f3n, que fueron desplazados por la grave situaci\u00f3n que perdura\u201d. Recordando que los afectados son principalmente ancianos y ni\u00f1os, el Santo Padre cont\u00f3 haber sentido la necesidad de promover una ayuda humanitaria para ellos.<\/p>\n<div>\u00a0<\/div>\n<div>De este modo, se realizar\u00e1 una colecta especial en todas las Iglesias cat\u00f3licas de Europa, el pr\u00f3ximo domingo 24 de abril. Por esta raz\u00f3n, el Papa invit\u00f3 a todos los fieles a unirse a esta iniciativa con una generosa contribuci\u00f3n. \u201cEste gesto de caridad, adem\u00e1s de aliviar los sufrimientos materiales, quiere expresar la cercan\u00eda y mi solidaridad personal y de toda la Iglesia, a Ucrania\u201d, subray\u00f3 el Pont\u00edfice.<\/div>\n<div>\u00a0<\/div>\n<div>El llamamiento del Santo Padre llega en un momento en el que se ha dejado de hablar de esta crisis, pero la situaci\u00f3n sigue siendo dram\u00e1tica. Tal y como explica una noticia sobre Ucrania publicada en Radio Vaticano, \u201cnecesitan ayuda 800 mil personas a lo largo de la l\u00ednea que separa los territorios bajo control del Gobierno ucraniano y 2 millones y 700 mil en las zonas fuera de control gubernamental ucraniano. Mientras que 500 mil personas tienen necesidad urgente de alimento\u201d.<\/div>\n<div>\u00a0<\/div>\n<div>Asimismo, se recuerda que las mayores necesidades est\u00e1n en el sector sanitario. Est\u00e1n en riesgo de forma particular las mujeres embarazadas, mientras que el peligro de la difusi\u00f3n del SIDA y tuberculosis es muy alto. Faltan anest\u00e9sicos e insulina. A menudo, las operaciones se realizan sin anestesia.<\/div>\n<div>\u00a0<\/div>\n<div>Para casi un mill\u00f3n y medio de personas el acceso al agua potable est\u00e1 en riesgo, mientras que el gas y la energ\u00eda el\u00e9ctrica se da sin continuidad. Igualmente, casi 2 millones y medio de personas necesitan urgentemente medicinas y cuidados. En total, son 200 mil los ni\u00f1os que han encontrado refugio en las regiones de Ucrania fuera de las zonas golpeadas. 1 de cada cuatro ni\u00f1os es un refugiado.<\/div>\n<div>\u00a0<\/div>\n<div>Los cat\u00f3licos, que en Ucrania son cerca del 10 por ciento de la poblaci\u00f3n, siendo una peque\u00f1a minor\u00eda en el \u00e1rea golpeada tienen estructuras eficientes y se movilizan para la asistencia a los necesitados.<\/div>\n<div>\u00a0<\/div>\n<div>Finalmente, Radio Vaticano afirma que la ayuda que el Papa invita a recoger ser\u00e1 distribuido sobre todo a trav\u00e9s de las comunidades religiosas, y ser\u00e1 obviamente destinado a todas las personas necesitadas, sin distinci\u00f3n. Por esto \u201cse pretende promover una coordinaci\u00f3n de la distribuci\u00f3n, gestionado por los jefes de distintas confesiones religiosas\u201d. La recogida de fondos y su gesti\u00f3n ser\u00e1 realizada por el Pontificio Consejo Cor Unum.<\/div>\n<div>\u00a0<\/div>\n<div>Fuente: es.zenit.org<\/div>\n<p><a href=\"http:\/\/web.hilo.org.pe\/wp-content\/uploads\/Papa colecta.jpg\" target=\"_blank\" rel=\"noopener\">Ver archivo adjunto<\/a><\/p>\n","protected":false},"excerpt":{"rendered":"<p>(ZENIT ? Ciudad del Vaticano).- El papa Francisco ha mostrado una vez m?s su cercan?a traducida en ayuda concreta hacia un pa?s que sufre la violencia desde hace mucho tiempo, Ucrania.<\/p>\n","protected":false},"author":1,"featured_media":8041,"comment_status":"closed","ping_status":"closed","sticky":false,"template":"","format":"standard","meta":{"footnotes":""},"categories":[9],"tags":[],"class_list":["post-2738","post","type-post","status-publish","format-standard","has-post-thumbnail","hentry","category-noticias"],"_links":{"self":[{"href":"https:\/\/ceas.org.pe\/index.php\/wp-json\/wp\/v2\/posts\/2738","targetHints":{"allow":["GET"]}}],"collection":[{"href":"https:\/\/ceas.org.pe\/index.php\/wp-json\/wp\/v2\/posts"}],"about":[{"href":"https:\/\/ceas.org.pe\/index.php\/wp-json\/wp\/v2\/types\/post"}],"author":[{"embeddable":true,"href":"https:\/\/ceas.org.pe\/index.php\/wp-json\/wp\/v2\/users\/1"}],"replies":[{"embeddable":true,"href":"https:\/\/ceas.org.pe\/index.php\/wp-json\/wp\/v2\/comments?post=2738"}],"version-history":[{"count":1,"href":"https:\/\/ceas.org.pe\/index.php\/wp-json\/wp\/v2\/posts\/2738\/revisions"}],"predecessor-version":[{"id":6480,"href":"https:\/\/ceas.org.pe\/index.php\/wp-json\/wp\/v2\/posts\/2738\/revisions\/6480"}],"wp:featuredmedia":[{"embeddable":true,"href":"https:\/\/ceas.org.pe\/index.php\/wp-json\/wp\/v2\/media\/8041"}],"wp:attachment":[{"href":"https:\/\/ceas.org.pe\/index.php\/wp-json\/wp\/v2\/media?parent=2738"}],"wp:term":[{"taxonomy":"category","embeddable":true,"href":"https:\/\/ceas.org.pe\/index.php\/wp-json\/wp\/v2\/categories?post=2738"},{"taxonomy":"post_tag","embeddable":true,"href":"https:\/\/ceas.org.pe\/index.php\/wp-json\/wp\/v2\/tags?post=2738"}],"curies":[{"name":"wp","href":"https:\/\/api.w.org\/{rel}","templated":true}]}}