{"id":2737,"date":"2016-04-05T10:19:57","date_gmt":"2016-04-05T10:19:57","guid":{"rendered":""},"modified":"2026-03-11T09:12:04","modified_gmt":"2026-03-11T14:12:04","slug":"exhortacion-post-sinodal-sobre-la-familia-se-publicaro-el-8-de-abril","status":"publish","type":"post","link":"https:\/\/ceas.org.pe\/index.php\/2016\/04\/05\/exhortacion-post-sinodal-sobre-la-familia-se-publicaro-el-8-de-abril\/","title":{"rendered":"Exhortaci\u00f3n Post Sinodal sobre la Familia se publicar\u00f3 el 8 de abril"},"content":{"rendered":"<div>Con el t\u00edtulo \u201cAmoris laetitia\u201d (la alegr\u00eda del amor), el pr\u00f3ximo 8 de abril se publicar\u00e1 la Exhortaci\u00f3n Post Sinodal, que trata sobre el amor en la familia. El documento del Papa Francisco est\u00e1 referido a los dos recientes s\u00ednodos de la familia. Ese mismo d\u00eda ser\u00e1 presentada en la sala de prensa de la Santa Sede.<\/div>\n<div>\u00a0<\/div>\n<div>Los dos s\u00ednodos sobre la familia fueron el primero extraordinario y el segundo ordinario. Un largo camino de reflexi\u00f3n sobre la familia que inici\u00f3 con el primer s\u00ednodo del 5 al 19 de octubre de 2014. En la Santa Misa de apertura el Papa Francisco record\u00f3 que las asambleas sinodales sirven \u201cpara cultivar y guardar mejor la vi\u00f1a del Se\u00f1or\u201d. Mientras que la segunda parte del camino sinodal empez\u00f3 el 5 de octubre de 2015, sobre el tema: \u2018La vocaci\u00f3n y la misi\u00f3n de la familia en la Iglesia y en el mundo contempor\u00e1neo\u2019.<\/div>\n<div>\u00a0<\/div>\n<div>La Exhortaci\u00f3n Post Sinodal ser\u00e1 presentado por el cardenal Lorenzo Baldisseri, Secretario General del S\u00ednodo de los Obispos; el Cardenal Christoph Sch\u00f6nborn, OP., Arzobispo de Viena; y un matrimonio de docentes universitarios, Francesco Miano y Giuseppina De Simone in Miano. El documento pontificio estar\u00e1 disponible en italiano, franc\u00e9s, ingl\u00e9s, alem\u00e1n, espa\u00f1ol y portugu\u00e9s. (Fuente: CEP)<\/div>\n<div>\u00a0<\/div>\n<p><a href=\"http:\/\/web.hilo.org.pe\/wp-content\/uploads\/familia.jpg\" target=\"_blank\" rel=\"noopener\">Ver archivo adjunto<\/a><\/p>\n","protected":false},"excerpt":{"rendered":"<p>Con el t?tulo ?Amoris laetitia? (la alegr?a del amor), el pr?ximo 8 de abril se publicar? la Exhortaci?n Post Sinodal, que trata sobre el amor en la familia. El documento del Papa Francisco est? referido a los dos recientes s?nodos de la familia. Ese mismo d?a ser? presentada en la sala de prensa de la Santa Sede.<\/p>\n","protected":false},"author":1,"featured_media":7893,"comment_status":"closed","ping_status":"closed","sticky":false,"template":"","format":"standard","meta":{"footnotes":""},"categories":[9],"tags":[],"class_list":["post-2737","post","type-post","status-publish","format-standard","has-post-thumbnail","hentry","category-noticias"],"_links":{"self":[{"href":"https:\/\/ceas.org.pe\/index.php\/wp-json\/wp\/v2\/posts\/2737","targetHints":{"allow":["GET"]}}],"collection":[{"href":"https:\/\/ceas.org.pe\/index.php\/wp-json\/wp\/v2\/posts"}],"about":[{"href":"https:\/\/ceas.org.pe\/index.php\/wp-json\/wp\/v2\/types\/post"}],"author":[{"embeddable":true,"href":"https:\/\/ceas.org.pe\/index.php\/wp-json\/wp\/v2\/users\/1"}],"replies":[{"embeddable":true,"href":"https:\/\/ceas.org.pe\/index.php\/wp-json\/wp\/v2\/comments?post=2737"}],"version-history":[{"count":1,"href":"https:\/\/ceas.org.pe\/index.php\/wp-json\/wp\/v2\/posts\/2737\/revisions"}],"predecessor-version":[{"id":6481,"href":"https:\/\/ceas.org.pe\/index.php\/wp-json\/wp\/v2\/posts\/2737\/revisions\/6481"}],"wp:featuredmedia":[{"embeddable":true,"href":"https:\/\/ceas.org.pe\/index.php\/wp-json\/wp\/v2\/media\/7893"}],"wp:attachment":[{"href":"https:\/\/ceas.org.pe\/index.php\/wp-json\/wp\/v2\/media?parent=2737"}],"wp:term":[{"taxonomy":"category","embeddable":true,"href":"https:\/\/ceas.org.pe\/index.php\/wp-json\/wp\/v2\/categories?post=2737"},{"taxonomy":"post_tag","embeddable":true,"href":"https:\/\/ceas.org.pe\/index.php\/wp-json\/wp\/v2\/tags?post=2737"}],"curies":[{"name":"wp","href":"https:\/\/api.w.org\/{rel}","templated":true}]}}