{"id":2733,"date":"2016-03-30T19:04:24","date_gmt":"2016-03-30T19:04:24","guid":{"rendered":""},"modified":"2026-03-11T09:12:04","modified_gmt":"2026-03-11T14:12:04","slug":"francisco-envoa-regalos-y-una-carta-para-los-refugiados-en-erbil","status":"publish","type":"post","link":"https:\/\/ceas.org.pe\/index.php\/2016\/03\/30\/francisco-envoa-regalos-y-una-carta-para-los-refugiados-en-erbil\/","title":{"rendered":"Francisco env\u00f3a regalos y una carta para los refugiados en Erbil"},"content":{"rendered":"<p>(ZENIT \u2013 Roma).- Del 1 al 4 de abril, una delegaci\u00f3n de Ayuda a la Iglesia Necesitada (AIN) viajar\u00e1 hasta Erbil, la capital del Kurdist\u00e1n iraqu\u00ed. Aprovechando dicha ocasi\u00f3n, el papa Francisco ha querido enviar ornamentos sagrados y un donativo econ\u00f3mico personal para los cristianos iraqu\u00edes. De este modo, el Pont\u00edfice se lo ha confiado al obispo de Carpi, monse\u00f1or Francesco Cavina, que formar\u00e1 parte de la delegaci\u00f3n encabezada por el director de AIN en Italia, Alessandro Monteduro, junto con el obispo de Ventimiglia-San Remo, monse\u00f1or Antonio Suetta, y el padre Massimo Fabbri, que acude en representaci\u00f3n de la archidi\u00f3cesis de Bolonia.<\/p>\n<div>\u00a0<\/div>\n<div>\u201cEn cuanto el Santo Padre ha tenido noticia de mi viaje junto a Ayuda a la Iglesia Necesitada, me ha llamado por tel\u00e9fono para manifestar su deseo de enviar un regalo a nuestros hermanos en la fe iraqu\u00edes\u201d, ha explicado monse\u00f1or Cavina, seg\u00fan informa AIN. Adem\u00e1s, el papa Francisco ha entregado a monse\u00f1or Cavina una carta en la que elogia el viaje organizado por esta fundaci\u00f3n pontificia, que califica de \u201ciniciativa que expresa amistad, comuni\u00f3n eclesial y cercan\u00eda con tantos hermanos y hermanas cuya preocupante y dif\u00edcil situaci\u00f3n, me ocasiona un profundo dolor. Nos invita a defender el derecho inalienable de toda persona a profesar libremente la propia fe\u201d.<\/div>\n<div>\u00a0<\/div>\n<div>Asimismo, el Papa anima a \u201cno olvidar el drama de la persecuci\u00f3n\u201d y se\u00f1ala c\u00f3mo \u201cel testimonio de fe valiente y paciente de tantos disc\u00edpulos de Cristo representa para toda la Iglesia un reclamo a redescubrir la fecunda fuente del Misterio Pascual, del cual obtenemos energ\u00eda, fuerza y luz para un nuevo humanismo\u201d.<\/div>\n<div>\u00a0<\/div>\n<div>Y concluye recordando que la misericordia \u201cnos invita a inclinarnos ante nuestros hermanos y a secar sus l\u00e1grimas para curar sus heridas f\u00edsicas y morales, y para consolar sus corazones conmocionados y tal vez perdidos. No se trata solo de un acto necesario de caridad, sino de un socorro al propio cuerpo, pues todos los cristianos somos, en virtud del propio bautismo, \u2018uno\u2019 en Cristo\u201d.<\/div>\n<div>\u00a0<\/div>\n<div>La delegaci\u00f3n se reunir\u00e1 en Kurdist\u00e1n con monse\u00f1or Bashar Matti Warda, arzobispo caldeo de Erbil, y visitar\u00e1n \u201clos centros para desplazados de los suburbios y la ciudad cercana de Ankawa, donde la mayor\u00eda de los habitantes son cristianos\u201d, explica AIN.<\/div>\n<div>\u00a0<\/div>\n<div>A las afueras de Erbil tambi\u00e9n se encuentra el pueblo Padre Werenfried (llamado as\u00ed por el fundador de AIN, P. Werenfried van Straaten). Este pueblo se compone de 150 casas prefabricadas, donadas por Ayuda a la Iglesia Necesitada, en las que se alojan 175 familias cristianas. La delegaci\u00f3n tambi\u00e9n visitar\u00e1 las escuelas prefabricadas donadas por la fundaci\u00f3n pontificia que permiten seguir estudiando a unos 7 mil ni\u00f1os iraqu\u00edes.<\/div>\n<div>\u00a0<\/div>\n<div>Otro encuentro que tendr\u00e1 la delegaci\u00f3n ser\u00e1 con monse\u00f1or Petros Mouche, obispo siro-cat\u00f3lico de Mosul, que se ve obligado a vivir en Erbil junto con sus fieles tras la toma de su ciudad por el Estado Isl\u00e1mico.<\/div>\n<div>\u00a0<\/div>\n<div>Desde junio de 2014 hasta hoy, AIN ha destinado a los cristianos iraqu\u00edes m\u00e1s de 15,1 millones de euros. El apoyo a los cristianos iraqu\u00edes no ha cesado durante esta Cuaresma, durante la cual la secci\u00f3n italiana de la fundaci\u00f3n pontificia ha promovido seis proyectos para ayudar a los 250 mil cristianos que permanecen en Irak. A esta campa\u00f1a tambi\u00e9n se han unido con generosos donativos las di\u00f3cesis de Carpi y de Ventimiglia-San Remo.<\/div>\n<div>\u00a0<\/div>\n<div>Fuente. es.zenit.org<\/div>\n<p><a href=\"http:\/\/web.hilo.org.pe\/wp-content\/uploads\/Envianregalos.jpg\" target=\"_blank\" rel=\"noopener\">Ver archivo adjunto<\/a><\/p>\n","protected":false},"excerpt":{"rendered":"<p>(ZENIT ? Roma).- Del 1 al 4 de abril, una delegaci?n de Ayuda a la Iglesia Necesitada (AIN) viajar? hasta Erbil, la capital del Kurdist?n iraqu?. Aprovechando dicha ocasi?n, el papa Francisco ha querido enviar ornamentos sagrados y un donativo econ?mico personal para los cristianos iraqu?es.<\/p>\n","protected":false},"author":1,"featured_media":7855,"comment_status":"closed","ping_status":"closed","sticky":false,"template":"","format":"standard","meta":{"footnotes":""},"categories":[9],"tags":[],"class_list":["post-2733","post","type-post","status-publish","format-standard","has-post-thumbnail","hentry","category-noticias"],"_links":{"self":[{"href":"https:\/\/ceas.org.pe\/index.php\/wp-json\/wp\/v2\/posts\/2733","targetHints":{"allow":["GET"]}}],"collection":[{"href":"https:\/\/ceas.org.pe\/index.php\/wp-json\/wp\/v2\/posts"}],"about":[{"href":"https:\/\/ceas.org.pe\/index.php\/wp-json\/wp\/v2\/types\/post"}],"author":[{"embeddable":true,"href":"https:\/\/ceas.org.pe\/index.php\/wp-json\/wp\/v2\/users\/1"}],"replies":[{"embeddable":true,"href":"https:\/\/ceas.org.pe\/index.php\/wp-json\/wp\/v2\/comments?post=2733"}],"version-history":[{"count":1,"href":"https:\/\/ceas.org.pe\/index.php\/wp-json\/wp\/v2\/posts\/2733\/revisions"}],"predecessor-version":[{"id":6485,"href":"https:\/\/ceas.org.pe\/index.php\/wp-json\/wp\/v2\/posts\/2733\/revisions\/6485"}],"wp:featuredmedia":[{"embeddable":true,"href":"https:\/\/ceas.org.pe\/index.php\/wp-json\/wp\/v2\/media\/7855"}],"wp:attachment":[{"href":"https:\/\/ceas.org.pe\/index.php\/wp-json\/wp\/v2\/media?parent=2733"}],"wp:term":[{"taxonomy":"category","embeddable":true,"href":"https:\/\/ceas.org.pe\/index.php\/wp-json\/wp\/v2\/categories?post=2733"},{"taxonomy":"post_tag","embeddable":true,"href":"https:\/\/ceas.org.pe\/index.php\/wp-json\/wp\/v2\/tags?post=2733"}],"curies":[{"name":"wp","href":"https:\/\/api.w.org\/{rel}","templated":true}]}}