{"id":2732,"date":"2016-03-30T19:02:10","date_gmt":"2016-03-30T19:02:10","guid":{"rendered":""},"modified":"2026-03-11T09:12:04","modified_gmt":"2026-03-11T14:12:04","slug":"catequesis-del-papa-la-misericordia-borra-el-pecado","status":"publish","type":"post","link":"https:\/\/ceas.org.pe\/index.php\/2016\/03\/30\/catequesis-del-papa-la-misericordia-borra-el-pecado\/","title":{"rendered":"Catequesis del Papa: la Misericordia borra el pecado"},"content":{"rendered":"<p>\u00a0(RV).- Miles de fieles y peregrinos de diversos pa\u00edses volvieron a darse cita en la Plaza de San Pedro \u00a0tras la fiesta de Pascua para asistir, el \u00faltimo mi\u00e9rcoles de marzo, a la tradicional audiencia general del Papa Francisco, quien propuso la meditaci\u00f3n del Salmo 51, llamado \u201cMiserere\u201d, para reflexionar sobre la Misericordia que borra el pecado, concluyendo as\u00ed su serie de catequesis sobre la misericordia en el Antiguo Testamento.<\/p>\n<div>\u00a0<\/div>\n<div>Hablando en italiano el Santo Padre explic\u00f3 que quien reza con este Salmo es invitado a tener los mismos sentimientos de arrepentimiento y de confianza en Dios que tuvo David cuando se arrepinti\u00f3, y siendo rey, se humill\u00f3 sin tener miedo de confesar su culpa y mostrar su propia miseria al Se\u00f1or, pero sin dudar de su Misericordia.<\/div>\n<div>\u00a0<\/div>\n<div>Una invocaci\u00f3n \u2013 explic\u00f3 el Obispo de Roma \u2013 que dirige al Dios de la Misericordia movido por un amor grande como el de un padre o de una madre, en que pide piedad, es decir, que le muestre su favor con benevolencia y comprensi\u00f3n, porque Dios es el \u00fanico que puede liberarnos del pecado. El Papa Bergoglio tambi\u00e9n explic\u00f3 que mediante una serie de im\u00e1genes pl\u00e1sticas, en la oraci\u00f3n de este Salmo se manifiesta la verdadera necesidad del hombre, a saber, ser perdonados, liberados del mal y de sus consecuencias de muerte.<\/div>\n<div>\u00a0<\/div>\n<div>El Pont\u00edfice concluy\u00f3 su catequesis recordando que el perd\u00f3n de Dios, del que tenemos tanta necesidad, es el signo m\u00e1s grande de su Misericordia. Y un don que todo pecador perdonado est\u00e1 llamado a compartir con las personas que lo rodean \u2013 familiares, amigos, colegas y parroquianos \u2013 porque todos, como nosotros \u2013 dijo el Papa \u2013 estamos necesitados de la Misericordia de Dios. E invoc\u00f3 al Se\u00f1or para que por intercesi\u00f3n de Mar\u00eda, Madre de la Misericordia, seamos testigos de su perd\u00f3n que purifica el coraz\u00f3n y transforma la vida.<\/div>\n<div>\u00a0<\/div>\n<div>(Mar\u00eda Fernanda Bernasconi &#8211; RV).<\/div>\n<div>\u00a0<\/div>\n<div>Fuente: news.va<\/div>\n<p><a href=\"http:\/\/web.hilo.org.pe\/wp-content\/uploads\/Catequesis papa.jpg\" target=\"_blank\" rel=\"noopener\">Ver archivo adjunto<\/a><\/p>\n","protected":false},"excerpt":{"rendered":"<p>(RV).- Miles de fieles y peregrinos de diversos pa?ses volvieron a darse cita en la Plaza de San Pedro  tras la fiesta de Pascua para asistir, el ?ltimo mi?rcoles de marzo, a la tradicional audiencia general del Papa Francisco, quien propuso la meditaci?n del Salmo 51, llamado ?Miserere?, para reflexionar sobre la Misericordia que borra el pecado, concluyendo as? su serie de catequesis sobre la misericordia en el Antiguo Testamento.<\/p>\n","protected":false},"author":1,"featured_media":7874,"comment_status":"closed","ping_status":"closed","sticky":false,"template":"","format":"standard","meta":{"footnotes":""},"categories":[9],"tags":[],"class_list":["post-2732","post","type-post","status-publish","format-standard","has-post-thumbnail","hentry","category-noticias"],"_links":{"self":[{"href":"https:\/\/ceas.org.pe\/index.php\/wp-json\/wp\/v2\/posts\/2732","targetHints":{"allow":["GET"]}}],"collection":[{"href":"https:\/\/ceas.org.pe\/index.php\/wp-json\/wp\/v2\/posts"}],"about":[{"href":"https:\/\/ceas.org.pe\/index.php\/wp-json\/wp\/v2\/types\/post"}],"author":[{"embeddable":true,"href":"https:\/\/ceas.org.pe\/index.php\/wp-json\/wp\/v2\/users\/1"}],"replies":[{"embeddable":true,"href":"https:\/\/ceas.org.pe\/index.php\/wp-json\/wp\/v2\/comments?post=2732"}],"version-history":[{"count":1,"href":"https:\/\/ceas.org.pe\/index.php\/wp-json\/wp\/v2\/posts\/2732\/revisions"}],"predecessor-version":[{"id":6486,"href":"https:\/\/ceas.org.pe\/index.php\/wp-json\/wp\/v2\/posts\/2732\/revisions\/6486"}],"wp:featuredmedia":[{"embeddable":true,"href":"https:\/\/ceas.org.pe\/index.php\/wp-json\/wp\/v2\/media\/7874"}],"wp:attachment":[{"href":"https:\/\/ceas.org.pe\/index.php\/wp-json\/wp\/v2\/media?parent=2732"}],"wp:term":[{"taxonomy":"category","embeddable":true,"href":"https:\/\/ceas.org.pe\/index.php\/wp-json\/wp\/v2\/categories?post=2732"},{"taxonomy":"post_tag","embeddable":true,"href":"https:\/\/ceas.org.pe\/index.php\/wp-json\/wp\/v2\/tags?post=2732"}],"curies":[{"name":"wp","href":"https:\/\/api.w.org\/{rel}","templated":true}]}}